{"id":33740,"date":"2023-06-24T13:17:27","date_gmt":"2023-06-24T12:17:27","guid":{"rendered":"https:\/\/le12.ma\/fr\/?p=33740"},"modified":"2023-06-24T13:19:15","modified_gmt":"2023-06-24T12:19:15","slug":"fes-interpellation-dune-femme-pour-son-implication-presumee-dans-une-affaire-de-drogue","status":"publish","type":"post","link":"https:\/\/le12.ma\/fr\/fes-interpellation-dune-femme-pour-son-implication-presumee-dans-une-affaire-de-drogue\/","title":{"rendered":"F\u00e8s :Interpellation d\u2019une femme pour son implication pr\u00e9sum\u00e9e dans une affaire de drogue"},"content":{"rendered":"<h2><strong>Les \u00e9l\u00e9ments de la <a href=\"https:\/\/www.mapexpress.ma\/actualite\/societe-et-regions\/fes-interpellation-dune-femme-implication-presumee-affaire-trafic-drogue-psychotropes\/\">brigade<\/a> anti-gang relevant de la pr\u00e9fecture de police de F\u00e8s ont proc\u00e9d\u00e9, dans les premi\u00e8res heures de samedi, sur la base de renseignements pr\u00e9cis fournis par les services de la Direction g\u00e9n\u00e9rale de la Surveillance du Territoire, \u00e0 l\u2019interpellation d\u2019une femme \u00e2g\u00e9e de 29 ans, pour son implication pr\u00e9sum\u00e9e dans une affaire de trafic de drogue et de psychotropes, apprend-on de source s\u00e9curitaire.<\/strong><\/h2>\n<p><strong>La mise en <a href=\"https:\/\/le12.ma\/fr\/tanger-mise-en-echec-dune-operation-de-trafic-international-de-drogues-890-kg-de-chira-saisis\/\">cause<\/a> a \u00e9t\u00e9 interpel\u00e9e en flagrant d\u00e9lit de possession et de trafic de drogue, souligne la m\u00eame source, notant que l\u2019op\u00e9ration de fouille a permis la saisie de 3.330 comprim\u00e9s psychotropes, dont 2.580 comprim\u00e9s m\u00e9dicaux et 750 autres de type \u201cEcstasy\u201d, outre une somme d\u2019argent qui serait issue de cette activit\u00e9 criminelle.<\/strong><\/p>\n<p><strong>La pr\u00e9venue a \u00e9t\u00e9 plac\u00e9e en garde \u00e0 vue \u00e0 la disposition de l\u2019enqu\u00eate men\u00e9e sous la supervision du parquet comp\u00e9tent, en vue d\u2019\u00e9lucider les tenants et les aboutissants de cette affaire et d\u2019interpeller les \u00e9ventuels complices impliqu\u00e9s dans cette activit\u00e9 criminelle, conclut-on.<\/strong><\/p>\n","protected":false},"excerpt":{"rendered":"<p>Les \u00e9l\u00e9ments de la brigade anti-gang relevant de la pr\u00e9fecture de police de F\u00e8s ont proc\u00e9d\u00e9, dans les premi\u00e8res heures de samedi, sur la base de renseignements pr\u00e9cis fournis par les services de la Direction g\u00e9n\u00e9rale de la Surveillance du Territoire, \u00e0 l\u2019interpellation d\u2019une femme \u00e2g\u00e9e de 29 ans, pour son implication pr\u00e9sum\u00e9e dans une [&hellip;]<\/p>\n","protected":false},"author":10,"featured_media":33743,"comment_status":"open","ping_status":"open","sticky":false,"template":"","format":"standard","meta":[],"categories":[28,9268,54],"tags":[11202],"yst_prominent_words":[1670,5136,5176,162,4577,1505],"jetpack_featured_media_url":"https:\/\/le12.ma\/fr\/wp-content\/uploads\/2023\/06\/drogue.jpg","_links":{"self":[{"href":"https:\/\/le12.ma\/fr\/wp-json\/wp\/v2\/posts\/33740"}],"collection":[{"href":"https:\/\/le12.ma\/fr\/wp-json\/wp\/v2\/posts"}],"about":[{"href":"https:\/\/le12.ma\/fr\/wp-json\/wp\/v2\/types\/post"}],"author":[{"embeddable":true,"href":"https:\/\/le12.ma\/fr\/wp-json\/wp\/v2\/users\/10"}],"replies":[{"embeddable":true,"href":"https:\/\/le12.ma\/fr\/wp-json\/wp\/v2\/comments?post=33740"}],"version-history":[{"count":1,"href":"https:\/\/le12.ma\/fr\/wp-json\/wp\/v2\/posts\/33740\/revisions"}],"predecessor-version":[{"id":33742,"href":"https:\/\/le12.ma\/fr\/wp-json\/wp\/v2\/posts\/33740\/revisions\/33742"}],"wp:featuredmedia":[{"embeddable":true,"href":"https:\/\/le12.ma\/fr\/wp-json\/wp\/v2\/media\/33743"}],"wp:attachment":[{"href":"https:\/\/le12.ma\/fr\/wp-json\/wp\/v2\/media?parent=33740"}],"wp:term":[{"taxonomy":"category","embeddable":true,"href":"https:\/\/le12.ma\/fr\/wp-json\/wp\/v2\/categories?post=33740"},{"taxonomy":"post_tag","embeddable":true,"href":"https:\/\/le12.ma\/fr\/wp-json\/wp\/v2\/tags?post=33740"},{"taxonomy":"yst_prominent_words","embeddable":true,"href":"https:\/\/le12.ma\/fr\/wp-json\/wp\/v2\/yst_prominent_words?post=33740"}],"curies":[{"name":"wp","href":"https:\/\/api.w.org\/{rel}","templated":true}]}}