{"id":33665,"date":"2023-06-23T11:44:24","date_gmt":"2023-06-23T10:44:24","guid":{"rendered":"https:\/\/le12.ma\/fr\/?p=33665"},"modified":"2023-06-23T11:44:24","modified_gmt":"2023-06-23T10:44:24","slug":"efe-maroc-plus-de-330-jeunes-chercheurs-demploi-formes","status":"publish","type":"post","link":"https:\/\/le12.ma\/fr\/efe-maroc-plus-de-330-jeunes-chercheurs-demploi-formes\/","title":{"rendered":"EFE-Maroc..Plus de 330 jeunes chercheurs d\u2019emploi form\u00e9s"},"content":{"rendered":"<h2><strong>Plus de 330 jeunes <a href=\"https:\/\/www.mapexpress.ma\/actualite\/economie-et-finance\/programme-take-it-forward-330-jeunes-chercheurs-demploi-formes-efe-maroc\/\">chercheurs<\/a> d\u2019emploi ont \u00e9t\u00e9 form\u00e9s dans le cadre du programme \u201cTAKE IT FORWARD\u201d, men\u00e9 par la Fondation Marocaine de l\u2019Education pour l\u2019Emploi (EFE-Maroc) en partenariat avec l\u2019Agence Belge de D\u00e9veloppement Enabel.<\/strong><\/h2>\n<p><strong>\u201cApr\u00e8s presque 3 ann\u00e9es de mise en \u0153uvre, et avec un objectif initial d\u2019accompagner 270 jeunes, EFE-Maroc et Enabel c\u00e9l\u00e8brent les r\u00e9sultats de leur <a href=\"https:\/\/le12.ma\/fr\/education-financiere-trois-conventions-signees-en-faveur-des-jeunes\/\">programme<\/a> avec plus de 330 jeunes chercheurs d\u2019emploi form\u00e9s sur les soft skills, coding skills, langue et comp\u00e9tences num\u00e9riques\u201d, indique EFE-Maroc dans un communiqu\u00e9.<\/strong><\/p>\n<p><strong>Un parcours de reconversion et de d\u00e9veloppement des comp\u00e9tences qui a conduit au placement effectif de plus de 120 b\u00e9n\u00e9ficiaires dans le march\u00e9 du travail dont 57% sont des femmes avec une couverture g\u00e9ographique inclusive qui int\u00e8gre des r\u00e9gions \u00e0 haut potentiel telles que F\u00e8s et Tanger \u00e0 c\u00f4t\u00e9 des grandes villes telles que Casablanca et Rabat, souligne la m\u00eame source.<\/strong><\/p>\n<p><strong>En effet, depuis octobre 2020, et dans la continuit\u00e9 de sa mission, EFE-Maroc, en partenariat avec l\u2019Agence belge de d\u00e9veloppement Enabel, et dans le cadre du programme Wehubit, a lanc\u00e9 le projet \u201cTAKE IT FORWARD\u201d, rappelle le communiqu\u00e9.<\/strong><\/p>\n<p><strong>L\u2019objectif, pr\u00e9cise la m\u00eame source, est de donner aux jeunes chercheurs et chercheuses d\u2019emploi au Maroc les moyens n\u00e9cessaires pour une meilleure insertion dans le march\u00e9 du travail \u00e0 travers des formations ax\u00e9es sur la demande d\u2019un secteur qui connait un plein essor et qui g\u00e9n\u00e8re des possibilit\u00e9s d\u2019emplois r\u00e9mun\u00e9rateurs aux chercheurs d\u2019emploi en qu\u00eate de d\u00e9veloppement de capacit\u00e9s, voire de reconversion professionnelle, sp\u00e9cifiquement le secteur des Nouvelles Technologies de l\u2019Information et de la Communication (NTIC).<\/strong><\/p>\n<p><strong>C\u2019est ainsi qu\u2019EFE-Maroc et Enabel, \u00e0 travers le projet \u201cTAKE IT FORWARD\u201d, ont pris en consid\u00e9ration les besoins des entreprises dans le secteur des nouvelles technologies et ont fait en sorte de leur fournir des candidats outill\u00e9s par les comp\u00e9tences num\u00e9riques et comportementales les plus utiles pour une prise de poste imm\u00e9diate et r\u00e9ussie, renfor\u00e7ant ainsi le vivier de talents dont a besoin le secteur NTIC tout en r\u00e9duisant le taux de ch\u00f4mage qui impacte les jeunes \u00e2g\u00e9s de 18 \u00e0 35 ans au Maroc.<\/strong><\/p>\n<p><strong>EFE-Maroc a pour mission de pallier le ch\u00f4mage des jeunes en comblant le d\u00e9calage entre les besoins en savoir-faire et savoir- \u00eatre du march\u00e9 du travail et les comp\u00e9tences des jeunes chercheurs et chercheuses d\u2019emploi.<\/strong><\/p>\n<p><strong>Elle propose aux jeunes des programmes de formation en comp\u00e9tences techniques, comportementales et linguistiques les plus demand\u00e9es sur le march\u00e9 du travail et offre \u00e0 ses laur\u00e9ats des opportunit\u00e9s d\u2019embauche dans les secteurs en croissance et cr\u00e9ateurs d\u2019emplois.<\/strong><\/p>\n<p><strong>Depuis sa cr\u00e9ation, EFE-Maroc a form\u00e9 plus de 70.000 jeunes et ins\u00e9r\u00e9 82% des laur\u00e9ats de ses programmes de Formation-Insertion, en partenariat avec plus de 400 entreprises.<\/strong><\/p>\n<p><strong>Enabel est l\u2019Agence belge de d\u00e9veloppement. Elle ex\u00e9cute la coop\u00e9ration gouvernementale belge. L\u2019Agence met \u00e9galement en \u0153uvre des actions pour d\u2019autres organisations nationales et internationales.<\/strong><\/p>\n<p><strong>Avec ses partenaires belges et internationaux, Enabel fournit des solutions pour relever des d\u00e9fis mondiaux urgents \u2013 le changement climatique, l\u2019urbanisation, la mobilit\u00e9 humaine, la paix et la s\u00e9curit\u00e9, les in\u00e9galit\u00e9s sociales et \u00e9conomiques \u2013 et pour promouvoir la citoyennet\u00e9 mondiale.\u00a0\u00a0\u00a0\u00a0\u00a0\u00a0\u00a0\u00a0\u00a0\u00a0\u00a0\u00a0\u00a0\u00a0\u00a0\u00a0\u00a0\u00a0\u00a0\u00a0\u00a0\u00a0\u00a0\u00a0\u00a0\u00a0\u00a0\u00a0\u00a0\u00a0\u00a0\u00a0\u00a0\u00a0\u00a0\u00a0\u00a0\u00a0\u00a0\u00a0\u00a0\u00a0\u00a0\u00a0\u00a0\u00a0\u00a0 <\/strong><\/p>\n","protected":false},"excerpt":{"rendered":"<p>Plus de 330 jeunes chercheurs d\u2019emploi ont \u00e9t\u00e9 form\u00e9s dans le cadre du programme \u201cTAKE IT FORWARD\u201d, men\u00e9 par la Fondation Marocaine de l\u2019Education pour l\u2019Emploi (EFE-Maroc) en partenariat avec l\u2019Agence Belge de D\u00e9veloppement Enabel. \u201cApr\u00e8s presque 3 ann\u00e9es de mise en \u0153uvre, et avec un objectif initial d\u2019accompagner 270 jeunes, EFE-Maroc et Enabel c\u00e9l\u00e8brent [&hellip;]<\/p>\n","protected":false},"author":10,"featured_media":33666,"comment_status":"open","ping_status":"open","sticky":false,"template":"","format":"standard","meta":[],"categories":[31,25,54],"tags":[11226,11227],"yst_prominent_words":[3749],"jetpack_featured_media_url":"https:\/\/le12.ma\/fr\/wp-content\/uploads\/2023\/06\/WhatsApp-Image-2023-06-22-at-16.57.43-1.jpg","_links":{"self":[{"href":"https:\/\/le12.ma\/fr\/wp-json\/wp\/v2\/posts\/33665"}],"collection":[{"href":"https:\/\/le12.ma\/fr\/wp-json\/wp\/v2\/posts"}],"about":[{"href":"https:\/\/le12.ma\/fr\/wp-json\/wp\/v2\/types\/post"}],"author":[{"embeddable":true,"href":"https:\/\/le12.ma\/fr\/wp-json\/wp\/v2\/users\/10"}],"replies":[{"embeddable":true,"href":"https:\/\/le12.ma\/fr\/wp-json\/wp\/v2\/comments?post=33665"}],"version-history":[{"count":1,"href":"https:\/\/le12.ma\/fr\/wp-json\/wp\/v2\/posts\/33665\/revisions"}],"predecessor-version":[{"id":33667,"href":"https:\/\/le12.ma\/fr\/wp-json\/wp\/v2\/posts\/33665\/revisions\/33667"}],"wp:featuredmedia":[{"embeddable":true,"href":"https:\/\/le12.ma\/fr\/wp-json\/wp\/v2\/media\/33666"}],"wp:attachment":[{"href":"https:\/\/le12.ma\/fr\/wp-json\/wp\/v2\/media?parent=33665"}],"wp:term":[{"taxonomy":"category","embeddable":true,"href":"https:\/\/le12.ma\/fr\/wp-json\/wp\/v2\/categories?post=33665"},{"taxonomy":"post_tag","embeddable":true,"href":"https:\/\/le12.ma\/fr\/wp-json\/wp\/v2\/tags?post=33665"},{"taxonomy":"yst_prominent_words","embeddable":true,"href":"https:\/\/le12.ma\/fr\/wp-json\/wp\/v2\/yst_prominent_words?post=33665"}],"curies":[{"name":"wp","href":"https:\/\/api.w.org\/{rel}","templated":true}]}}