{"id":33585,"date":"2023-06-21T16:29:59","date_gmt":"2023-06-21T15:29:59","guid":{"rendered":"https:\/\/le12.ma\/fr\/?p=33585"},"modified":"2023-06-21T16:29:59","modified_gmt":"2023-06-21T15:29:59","slug":"baccalaureat-cours-de-soutien-au-profit-des-candidats-de-la-session-de-rattrapage","status":"publish","type":"post","link":"https:\/\/le12.ma\/fr\/baccalaureat-cours-de-soutien-au-profit-des-candidats-de-la-session-de-rattrapage\/","title":{"rendered":"Baccalaur\u00e9at: Cours de soutien au profit des candidats de la session de rattrapage"},"content":{"rendered":"<h2><strong>Des cours de <a href=\"https:\/\/www.mapexpress.ma\/actualite\/societe-et-regions\/baccalaureat-cours-soutien-au-profit-candidats-session-rattrapage-ministere\/\">soutien<\/a> gratuits seront organis\u00e9s, \u00e0 partir de ce mercredi, au profit de l\u2019ensemble des candidats \u00e0 la session de rattrapage de l\u2019examen national normalis\u00e9 pour l\u2019obtention du baccalaur\u00e9at 2023, par les Acad\u00e9mies r\u00e9gionales de l\u2019\u00e9ducation et de la formation (AREF) et les directions r\u00e9gionales du minist\u00e8re de l\u2019\u00c9ducation Nationale.<\/strong><\/h2>\n<p><strong>Un communiqu\u00e9 du minist\u00e8re de l\u2019\u00c9ducation nationale, du pr\u00e9scolaire et des sports indique que ces cours de soutien gratuits se tiendront au sein des \u00e9tablissements o\u00f9 les <a href=\"https:\/\/le12.ma\/fr\/baccalaureat-2023-un-taux-de-reussite-de-5974\/\">candidats<\/a> poursuivent leurs \u00e9tudes en vue de les aider \u00e0 pr\u00e9parer leur session de rattrapage et renforcer leur chance de r\u00e9ussite lors de cet important examen national.<\/strong><\/p>\n<p><strong>Les \u00e9l\u00e8ves souhaitant b\u00e9n\u00e9ficier des cours de soutien p\u00e9dagogique doivent s\u2019inscrire aupr\u00e8s de l\u2019administration de l\u2019\u00e9tablissement d\u2019enseignement public o\u00f9 ils suivent leurs \u00e9tudes afin de pr\u00e9ciser les mati\u00e8res concern\u00e9es par le cours de rattrapage, pr\u00e9cise le communiqu\u00e9.<\/strong><\/p>\n<p><strong>Cette op\u00e9ration s\u2019inscrit dans le cadre d\u2019accompagnement des \u00e9l\u00e8ves et la garantie du principe de l\u2019\u00e9galit\u00e9 des chances, conform\u00e9ment aux objectifs de la feuille de route 2022-2026, relatifs \u00e0 l\u2019am\u00e9lioration de la qualit\u00e9 des apprentissages et au d\u00e9veloppement des comp\u00e9tences, en tenant compte des diff\u00e9rences entre les apprenants.<\/strong><\/p>\n","protected":false},"excerpt":{"rendered":"<p>Des cours de soutien gratuits seront organis\u00e9s, \u00e0 partir de ce mercredi, au profit de l\u2019ensemble des candidats \u00e0 la session de rattrapage de l\u2019examen national normalis\u00e9 pour l\u2019obtention du baccalaur\u00e9at 2023, par les Acad\u00e9mies r\u00e9gionales de l\u2019\u00e9ducation et de la formation (AREF) et les directions r\u00e9gionales du minist\u00e8re de l\u2019\u00c9ducation Nationale. Un communiqu\u00e9 du [&hellip;]<\/p>\n","protected":false},"author":10,"featured_media":33586,"comment_status":"open","ping_status":"open","sticky":false,"template":"","format":"standard","meta":[],"categories":[26,31,9268,54],"tags":[7271],"yst_prominent_words":[3959,145,1912,5930,148,258,310,2457,294,850],"jetpack_featured_media_url":"https:\/\/le12.ma\/fr\/wp-content\/uploads\/2023\/06\/bac-prepas.jpg","_links":{"self":[{"href":"https:\/\/le12.ma\/fr\/wp-json\/wp\/v2\/posts\/33585"}],"collection":[{"href":"https:\/\/le12.ma\/fr\/wp-json\/wp\/v2\/posts"}],"about":[{"href":"https:\/\/le12.ma\/fr\/wp-json\/wp\/v2\/types\/post"}],"author":[{"embeddable":true,"href":"https:\/\/le12.ma\/fr\/wp-json\/wp\/v2\/users\/10"}],"replies":[{"embeddable":true,"href":"https:\/\/le12.ma\/fr\/wp-json\/wp\/v2\/comments?post=33585"}],"version-history":[{"count":1,"href":"https:\/\/le12.ma\/fr\/wp-json\/wp\/v2\/posts\/33585\/revisions"}],"predecessor-version":[{"id":33587,"href":"https:\/\/le12.ma\/fr\/wp-json\/wp\/v2\/posts\/33585\/revisions\/33587"}],"wp:featuredmedia":[{"embeddable":true,"href":"https:\/\/le12.ma\/fr\/wp-json\/wp\/v2\/media\/33586"}],"wp:attachment":[{"href":"https:\/\/le12.ma\/fr\/wp-json\/wp\/v2\/media?parent=33585"}],"wp:term":[{"taxonomy":"category","embeddable":true,"href":"https:\/\/le12.ma\/fr\/wp-json\/wp\/v2\/categories?post=33585"},{"taxonomy":"post_tag","embeddable":true,"href":"https:\/\/le12.ma\/fr\/wp-json\/wp\/v2\/tags?post=33585"},{"taxonomy":"yst_prominent_words","embeddable":true,"href":"https:\/\/le12.ma\/fr\/wp-json\/wp\/v2\/yst_prominent_words?post=33585"}],"curies":[{"name":"wp","href":"https:\/\/api.w.org\/{rel}","templated":true}]}}