{"id":33497,"date":"2023-06-20T12:28:34","date_gmt":"2023-06-20T11:28:34","guid":{"rendered":"https:\/\/le12.ma\/fr\/?p=33497"},"modified":"2023-06-20T12:28:34","modified_gmt":"2023-06-20T11:28:34","slug":"tanger-mise-en-echec-dune-operation-de-trafic-international-de-drogues-890-kg-de-chira-saisis","status":"publish","type":"post","link":"https:\/\/le12.ma\/fr\/tanger-mise-en-echec-dune-operation-de-trafic-international-de-drogues-890-kg-de-chira-saisis\/","title":{"rendered":"Tanger: Mise en \u00e9chec d\u2019une op\u00e9ration de trafic international de drogues, 890 kg de Chira saisis"},"content":{"rendered":"<h2><strong>Les \u00e9l\u00e9ments du <a href=\"https:\/\/www.mapexpress.ma\/actualite\/societe-et-regions\/tanger-mise-en-echec-dune-operation-trafic-international-drogues-890-kg-chira-saisis\/\">service<\/a> pr\u00e9fectoral de la police judiciaire de Tanger ont mis en \u00e9chec, lundi, une op\u00e9ration de trafic international de drogues et saisi 890 kilogrammes de Chira, apprend-on de source s\u00e9curitaire.<\/strong><\/h2>\n<p><strong>La saisie de cette <a href=\"https:\/\/le12.ma\/fr\/agadir-un-individu-interpelle-pour-liens-presumes-avec-un-reseau-criminel-de-trafic-international-de-drogues\/\">cargaison<\/a> suppl\u00e9mentaire fait suite \u00e0 l&rsquo;arrestation, samedi dernier, par les \u00e9l\u00e9ments de police de la zone de s\u00e9curit\u00e9 du port Tanger-Med, d&rsquo;un ressortissant espagnol en flagrant d\u00e9lit de tentative de trafic de 1.050 kg de Chira \u00e0 bord d&rsquo;un v\u00e9hicule utilitaire, lors d&rsquo;une op\u00e9ration men\u00e9e sur la base d&rsquo;informations pr\u00e9cises fournies par les services de la Direction g\u00e9n\u00e9rale de la surveillance du territoire, indique la m\u00eame source.<\/strong><\/p>\n<p><strong>Les enqu\u00eates et les investigations effectu\u00e9es dans le cadre de cette affaire ont permis de localiser les lieux d&#8217;emballage et de stockage des drogues \u00e0 l&rsquo;int\u00e9rieur d&rsquo;une maison et de deux garages situ\u00e9s dans la zone rurale de \u00ab\u00a0Khemis Anjra\u00a0\u00bb, fait savoir la m\u00eame source, notant que les perquisitions r\u00e9alis\u00e9es ont conduit \u00e0 la saisie de 20 paquets suppl\u00e9mentaires de Chira d&rsquo;un poids total de 890 kilogrammes.<\/strong><\/p>\n<p><strong>La perquisition des lieux a \u00e9galement permis la saisie de mat\u00e9riels logistiques importants, dont huit voitures, un quad et un jet-ski, ainsi que cinq cartouches de chasse et un ensemble de fausses plaques d&rsquo;immatriculation de voitures.<\/strong><\/p>\n<p><strong>Le service pr\u00e9fectoral de la police judiciaire de Tanger poursuit les enqu\u00eates et les investigations n\u00e9cessaires sous la supervision du parquet comp\u00e9tent afin de d\u00e9celer les ramifications \u00e9ventuelles de cette activit\u00e9 criminelle au niveau national et international, et d&rsquo;arr\u00eater tous les complices impliqu\u00e9s dans ces actes, ajoute-t-on.<\/strong><\/p>\n","protected":false},"excerpt":{"rendered":"<p>Les \u00e9l\u00e9ments du service pr\u00e9fectoral de la police judiciaire de Tanger ont mis en \u00e9chec, lundi, une op\u00e9ration de trafic international de drogues et saisi 890 kilogrammes de Chira, apprend-on de source s\u00e9curitaire. La saisie de cette cargaison suppl\u00e9mentaire fait suite \u00e0 l&rsquo;arrestation, samedi dernier, par les \u00e9l\u00e9ments de police de la zone de s\u00e9curit\u00e9 [&hellip;]<\/p>\n","protected":false},"author":10,"featured_media":33498,"comment_status":"open","ping_status":"open","sticky":false,"template":"","format":"standard","meta":[],"categories":[28,9268,54],"tags":[11202,11201],"yst_prominent_words":[5133,2927,2928,653,649,2920,5978,1053,162,409],"jetpack_featured_media_url":"https:\/\/le12.ma\/fr\/wp-content\/uploads\/2023\/06\/haschich_bon_tt_tt.jpg","_links":{"self":[{"href":"https:\/\/le12.ma\/fr\/wp-json\/wp\/v2\/posts\/33497"}],"collection":[{"href":"https:\/\/le12.ma\/fr\/wp-json\/wp\/v2\/posts"}],"about":[{"href":"https:\/\/le12.ma\/fr\/wp-json\/wp\/v2\/types\/post"}],"author":[{"embeddable":true,"href":"https:\/\/le12.ma\/fr\/wp-json\/wp\/v2\/users\/10"}],"replies":[{"embeddable":true,"href":"https:\/\/le12.ma\/fr\/wp-json\/wp\/v2\/comments?post=33497"}],"version-history":[{"count":1,"href":"https:\/\/le12.ma\/fr\/wp-json\/wp\/v2\/posts\/33497\/revisions"}],"predecessor-version":[{"id":33499,"href":"https:\/\/le12.ma\/fr\/wp-json\/wp\/v2\/posts\/33497\/revisions\/33499"}],"wp:featuredmedia":[{"embeddable":true,"href":"https:\/\/le12.ma\/fr\/wp-json\/wp\/v2\/media\/33498"}],"wp:attachment":[{"href":"https:\/\/le12.ma\/fr\/wp-json\/wp\/v2\/media?parent=33497"}],"wp:term":[{"taxonomy":"category","embeddable":true,"href":"https:\/\/le12.ma\/fr\/wp-json\/wp\/v2\/categories?post=33497"},{"taxonomy":"post_tag","embeddable":true,"href":"https:\/\/le12.ma\/fr\/wp-json\/wp\/v2\/tags?post=33497"},{"taxonomy":"yst_prominent_words","embeddable":true,"href":"https:\/\/le12.ma\/fr\/wp-json\/wp\/v2\/yst_prominent_words?post=33497"}],"curies":[{"name":"wp","href":"https:\/\/api.w.org\/{rel}","templated":true}]}}