{"id":33372,"date":"2023-06-17T11:35:06","date_gmt":"2023-06-17T10:35:06","guid":{"rendered":"https:\/\/le12.ma\/fr\/?p=33372"},"modified":"2023-06-17T11:35:06","modified_gmt":"2023-06-17T10:35:06","slug":"beni-mellal-interpellation-dun-ressortissant-suisse-faisant-lobjet-dun-mandat-darret-international","status":"publish","type":"post","link":"https:\/\/le12.ma\/fr\/beni-mellal-interpellation-dun-ressortissant-suisse-faisant-lobjet-dun-mandat-darret-international\/","title":{"rendered":"B\u00e9ni Mellal: Interpellation d\u2019un ressortissant suisse faisant l\u2019objet d\u2019un mandat d\u2019arr\u00eat international"},"content":{"rendered":"<h2><strong>Les \u00e9l\u00e9ments du service <a href=\"https:\/\/fr.wikipedia.org\/wiki\/Police_judiciaire\">pr\u00e9fectoral<\/a> de la police judiciaire de la ville de B\u00e9ni Mellal on proc\u00e9d\u00e9 vendredi, en \u00e9troite coordination avec les services de la Direction g\u00e9n\u00e9rale de surveillance du territoire national, \u00e0 l\u2019interpellation d\u2019un ressortissant suisse \u00e2g\u00e9 de 62 ans faisant l\u2019objet d\u2019un mandat d\u2019arr\u00eat international pour une affaire d\u2019exploitation sexuelle de mineurs, indique une source s\u00e9curitaire.<\/strong><\/h2>\n<p><strong>Selon les premiers <a href=\"https:\/\/le12.ma\/fr\/tanger-interpellation-dun-extremiste-affilie-a-ei\/\">\u00e9l\u00e9ments<\/a> de l\u2019enqu\u00eate, les autorit\u00e9s judiciaires suisses ont \u00e9mis, le 15 juin courant, un mandat d\u2019arr\u00eat \u00e0 l\u2019encontre d\u2019un ressortissant suisse pour son implication pr\u00e9sum\u00e9e dans une affaire d\u2019exploitation sexuelle de mineurs, de production et de publication de contenu pornographique, ce qui a n\u00e9cessit\u00e9 des investigations approfondies qui ont permis de localiser l\u2019individu en question et son interpellation \u00e0 B\u00e9ni Mellal.<\/strong><\/p>\n<p><strong>Le ressortissant suisse a \u00e9t\u00e9 plac\u00e9 en garde \u00e0 vue pour son extradition, fait savoir la m\u00eame source, relevant que le mat\u00e9riel informatique trouv\u00e9 en sa possession a fait l\u2019objet d\u2019une expertise afin de v\u00e9rifier l\u2019existence de preuves prouvant les actes criminels qui lui sont reproch\u00e9s.<\/strong><\/p>\n<p><strong>L\u2019interpellation du suspect s\u2019inscrit dans le cadre des efforts continus d\u00e9ploy\u00e9s par les services de s\u00e9curit\u00e9 marocains pour renforcer les relations de coop\u00e9ration internationale en mati\u00e8re de s\u00e9curit\u00e9, ainsi que la poursuite et l\u2019arrestation des personnes recherch\u00e9es au niveau international pour des affaires de criminalit\u00e9 transnationale.<\/strong><\/p>\n","protected":false},"excerpt":{"rendered":"<p>Les \u00e9l\u00e9ments du service pr\u00e9fectoral de la police judiciaire de la ville de B\u00e9ni Mellal on proc\u00e9d\u00e9 vendredi, en \u00e9troite coordination avec les services de la Direction g\u00e9n\u00e9rale de surveillance du territoire national, \u00e0 l\u2019interpellation d\u2019un ressortissant suisse \u00e2g\u00e9 de 62 ans faisant l\u2019objet d\u2019un mandat d\u2019arr\u00eat international pour une affaire d\u2019exploitation sexuelle de mineurs, [&hellip;]<\/p>\n","protected":false},"author":10,"featured_media":33373,"comment_status":"open","ping_status":"open","sticky":false,"template":"","format":"standard","meta":[],"categories":[26,28,54],"tags":[7884,6239],"yst_prominent_words":[3401,955,2927,181,4579,1283],"jetpack_featured_media_url":"https:\/\/le12.ma\/fr\/wp-content\/uploads\/2023\/06\/suisse-arrestation-maroc.webp","_links":{"self":[{"href":"https:\/\/le12.ma\/fr\/wp-json\/wp\/v2\/posts\/33372"}],"collection":[{"href":"https:\/\/le12.ma\/fr\/wp-json\/wp\/v2\/posts"}],"about":[{"href":"https:\/\/le12.ma\/fr\/wp-json\/wp\/v2\/types\/post"}],"author":[{"embeddable":true,"href":"https:\/\/le12.ma\/fr\/wp-json\/wp\/v2\/users\/10"}],"replies":[{"embeddable":true,"href":"https:\/\/le12.ma\/fr\/wp-json\/wp\/v2\/comments?post=33372"}],"version-history":[{"count":1,"href":"https:\/\/le12.ma\/fr\/wp-json\/wp\/v2\/posts\/33372\/revisions"}],"predecessor-version":[{"id":33374,"href":"https:\/\/le12.ma\/fr\/wp-json\/wp\/v2\/posts\/33372\/revisions\/33374"}],"wp:featuredmedia":[{"embeddable":true,"href":"https:\/\/le12.ma\/fr\/wp-json\/wp\/v2\/media\/33373"}],"wp:attachment":[{"href":"https:\/\/le12.ma\/fr\/wp-json\/wp\/v2\/media?parent=33372"}],"wp:term":[{"taxonomy":"category","embeddable":true,"href":"https:\/\/le12.ma\/fr\/wp-json\/wp\/v2\/categories?post=33372"},{"taxonomy":"post_tag","embeddable":true,"href":"https:\/\/le12.ma\/fr\/wp-json\/wp\/v2\/tags?post=33372"},{"taxonomy":"yst_prominent_words","embeddable":true,"href":"https:\/\/le12.ma\/fr\/wp-json\/wp\/v2\/yst_prominent_words?post=33372"}],"curies":[{"name":"wp","href":"https:\/\/api.w.org\/{rel}","templated":true}]}}