{"id":33033,"date":"2023-06-10T10:38:00","date_gmt":"2023-06-10T09:38:00","guid":{"rendered":"https:\/\/le12.ma\/fr\/?p=33033"},"modified":"2023-06-10T10:38:00","modified_gmt":"2023-06-10T09:38:00","slug":"marrakech-lancement-de-la-plateforme-numerique-du-programme-jisr","status":"publish","type":"post","link":"https:\/\/le12.ma\/fr\/marrakech-lancement-de-la-plateforme-numerique-du-programme-jisr\/","title":{"rendered":"Marrakech: Lancement de la plateforme num\u00e9rique du programme \u201cJisr\u201d"},"content":{"rendered":"<h2><strong>La plateforme num\u00e9rique du <a href=\"https:\/\/www.mapexpress.ma\/actualite\/societe-et-regions\/marrakech-safi-lancement-plateforme-numerique-du-programme-jisr-lautonomisation-leadership\/\">programme<\/a> \u201cJisr pour l\u2019autonomisation et le leadership\u201d, visant \u00e0 faciliter l\u2019autonomisation des femmes dans la r\u00e9gion Marrakech-Safi, a \u00e9t\u00e9 lanc\u00e9e, vendredi dans la cit\u00e9 ocre, lors d\u2019une rencontre tenue en pr\u00e9sence de la ministre de la Solidarit\u00e9, de l\u2019Insertion sociale et de la Famille, Aawatif Hayar.<\/strong><\/h2>\n<p><strong>Le lancement de cette <a href=\"https:\/\/le12.ma\/fr\/mme-hayar-le-maroc-veille-a-la-mise-en-oeuvre-de-ses-engagements-pour-lutter-contre-toute-forme-de-violence-faite-aux-femmes\/\">plateforme<\/a> intervient en application des Hautes Orientations Royales et des engagements contenus dans le programme gouvernemental 2021-2026, et s\u2019inscrit dans le cadre de la convention de partenariat conclue entre le minist\u00e8re, la wilaya de la r\u00e9gion Marrakech-Safi et le Conseil r\u00e9gional, pour la mise en \u0153uvre d\u2019un programme de qualification et d\u2019autonomisation des femmes porteuses de projets et des personnes en situation de handicap.<\/strong><\/p>\n<p><strong>Ce programme vise \u00e0 d\u00e9velopper l\u2019entrepreneuriat f\u00e9minin et \u00e0 faciliter l\u2019acc\u00e8s des femmes au march\u00e9 du travail, \u00e0 travers leur accompagnement et leur formation au niveau territorial afin d\u2019am\u00e9liorer leurs expertises et leurs comp\u00e9tences dans le domaine de la cr\u00e9ation d\u2019entreprises et de r\u00e9duction des disparit\u00e9s sociales et r\u00e9gionales.<\/strong><\/p>\n<p><strong>Dans une allocution \u00e0 cette occasion, Mme Hayar a expliqu\u00e9 que le lancement de cette plateforme marque une \u00e9tape importante dans le processus de mise en \u0153uvre de ce programme, qui est le fruit des efforts de l\u2019ensemble des acteurs territoriaux \u00e0 l\u2019\u00e9chelle de la r\u00e9gion.<\/strong><\/p>\n<p><strong>Notant que le Royaume a fait de la question de la femme et de la garantie de ses droits une priorit\u00e9 majeure, comme en t\u00e9moigne l\u2019int\u00e9r\u00eat tout particulier accord\u00e9 par Sa Majest\u00e9 le Roi Mohammed VI \u00e0 la promotion des conditions de la femme, Mme Hayar a \u00e9galement soulign\u00e9 que le gouvernement veille \u00e0 l\u2019ex\u00e9cution des Hautes Orientations Royales afin d\u2019assurer l\u2019\u00e9galit\u00e9 des sexes et la promotion de l\u2019autonomisation des femmes, en oeuvrant \u00e0 leur garantir l\u2019acc\u00e8s \u00e0 leurs droits politiques, \u00e9conomiques, sociaux et environnementaux, conform\u00e9ment \u00e0 la Constitution, aux recommandations du Nouveau Mod\u00e8le de D\u00e9veloppement et aux engagements du programme gouvernemental 2021-2026.<\/strong><\/p>\n<p><strong>Apr\u00e8s avoir mis en relief la contribution importante de la r\u00e9gion Marrakech-Safi \u00e0 la cr\u00e9ation de la richesse nationale, en tant que premi\u00e8re destination touristique du Royaume et \u00e0 la faveur des grandes potentialit\u00e9s dont elle regorge dans divers domaines, la ministre a relev\u00e9 que le taux d\u2019activit\u00e9 des femmes par rapport aux hommes au niveau de cette r\u00e9gion demeure faible par rapport \u00e0 la moyenne nationale avec 21,6% contre 75,2%.<\/strong><\/p>\n<p><strong>Il s\u2019agit d\u2019un indicateur qui nous interpelle tous afin de d\u00e9ployer davantage d\u2019efforts et d\u2019\u0153uvrer pour l\u2019autonomisation des femmes, le renforcement de leur participation au d\u00e9veloppement et la r\u00e9duction des disparit\u00e9s existantes, a-t-elle encha\u00een\u00e9.<\/strong><\/p>\n<p><strong>Dans le cadre de l\u2019adh\u00e9sion \u00e0 la dynamique sociale que conna\u00eet la r\u00e9gion, le minist\u00e8re accorde une grande importance \u00e0 la r\u00e9duction du d\u00e9ficit accus\u00e9 dans ces domaines au niveau de cette partie du territoire national, a-t-elle ajout\u00e9, soulignant que dans le domaine du renforcement du syst\u00e8me de la protection sociale, la r\u00e9gion occupe actuellement la premi\u00e8re place \u00e0 l\u2019\u00e9chelle nationale en termes du nombre de centres sociaux (517) et du nombre des b\u00e9n\u00e9ficiaires (48.966, dont des enfants, des femmes, des personnes \u00e0 besoins sp\u00e9cifiques et \u00e2g\u00e9es).<\/strong><\/p>\n<p><strong>Pour sa part, le wali de la r\u00e9gion Marrakech-Safi, Karim Kassi-Lahlou a indiqu\u00e9 que ce partenariat entre le minist\u00e8re, la wilaya et le conseil de la r\u00e9gion, se veut un mod\u00e8le de la convergence entre le programme de d\u00e9veloppement de la r\u00e9gion et les axes du programme national d\u2019autonomisation \u00e9conomique des femmes, ce qui contribuera certainement \u00e0 l\u2019am\u00e9lioration du taux d\u2019activit\u00e9 des femmes au niveau de la r\u00e9gion.<\/strong><\/p>\n<p><strong> Kassi-Lahlou a expliqu\u00e9 que l\u2019autonomisation \u00e9conomique des femmes de la r\u00e9gion figure parmi les attentes exprim\u00e9es par les acteurs territoriaux lors de la r\u00e9union r\u00e9gionale de concertation sur la strat\u00e9gie du minist\u00e8re de la Solidarit\u00e9, de l\u2019Insertion sociale et de la Famille et des institutions qui en rel\u00e8vent, ajoutant que l\u2019objectif ultime est de permettre aux femmes d\u2019acc\u00e9der \u00e0 des revenus, \u00e0 la formation et au capital afin de renforcer sa place au sein de la soci\u00e9t\u00e9 et sa contribution au d\u00e9veloppement \u00e9conomique.<\/strong><\/p>\n<p><strong>De son c\u00f4t\u00e9, le pr\u00e9sident du Conseil r\u00e9gional, Samir Goudar a not\u00e9 que le lancement de cette plateforme intervient dans le cadre de la mise en \u0153uvre des Hautes Orientations Royales et des recommandations du Nouveau Mod\u00e8le de D\u00e9veloppement qui met l\u2019accent sur la place de la r\u00e9gion en tant que centre de convergence des politiques sectorielles, notant que ce programme permettra de porter le taux d\u2019activit\u00e9 des femmes \u00e0 30% \u00e0 l\u2019horizon de 2026.<\/strong><\/p>\n<p><strong>Dans une allocution lue en son nom, il a mis en avant les efforts consentis par les diff\u00e9rents acteurs et parties prenantes au niveau de la r\u00e9gion afin d\u2019am\u00e9liorer les indicateurs du d\u00e9veloppement humain, en veillant notamment \u00e0 am\u00e9liorer les conditions \u00e9conomiques et sociales des cat\u00e9gories d\u00e9munies, \u00e0 lutter contre la pauvret\u00e9, la pr\u00e9carit\u00e9, l\u2019exclusion sociale et la d\u00e9perdition scolaire, \u00e0 renforcer l\u2019acc\u00e8s aux services et aux infrastructures de sant\u00e9, et \u00e0 r\u00e9duire les disparit\u00e9s territoriales.<\/strong><\/p>\n<p><strong>Quant au directeur de l\u2019Entraide Nationale, Khettar El Mojahidi, il a insist\u00e9 sur l\u2019action permanente et la mobilisation constante de cette institution aux c\u00f4t\u00e9s des diff\u00e9rents acteurs pour assurer la r\u00e9ussite de ce programme ambitieux, qui contribuera \u00e0 l\u2019\u00e9dification de l\u2019Etat social et permettra de renforcer la contribution du p\u00f4le social et d\u2019am\u00e9liorer le taux d\u2019int\u00e9gration des femmes de 20% \u00e0 plus de 30% et ce, au service du Royaume et des citoyens, sous la conduite \u00e9clair\u00e9e de Sa Majest\u00e9 le Roi Mohammed VI.<\/strong><\/p>\n<p><strong>La directrice de l\u2019Agence du D\u00e9veloppement Social, Fatima Hmamou, a, quant \u00e0 elle, exprim\u00e9 le v\u0153u de voir cette rencontre cr\u00e9er un environnement propice et un cadre appropri\u00e9 pour trouver des solutions efficaces et explorer les perspectives prometteuses \u00e0 m\u00eame de permettre aux jeunes et aux comp\u00e9tences f\u00e9minines de contribuer au d\u00e9veloppement du Maroc.<\/strong><\/p>\n<p><strong>Cette rencontre a \u00e9t\u00e9 ponctu\u00e9e par la pr\u00e9sentation de la plateforme \u00e9lectronique \u201cJisr pour l\u2019autonomisation et le leadership\u201d, le lancement d\u2019un appel \u00e0 manifestation d\u2019int\u00e9r\u00eat pour des incubateurs sociaux de r\u00e9f\u00e9rence au niveau de la r\u00e9gion Marrakech-Safi, et la remise de ch\u00e8ques aux b\u00e9n\u00e9ficiaires porteurs de projets du programme \u201cAl Haouz Mobadara\u201d et aux personnes en situation de handicap porteurs de projets dans le cadre du Fonds d\u2019Appui \u00e0 la Protection et \u00e0 la Coh\u00e9sion Sociale.<\/strong><\/p>\n","protected":false},"excerpt":{"rendered":"<p>La plateforme num\u00e9rique du programme \u201cJisr pour l\u2019autonomisation et le leadership\u201d, visant \u00e0 faciliter l\u2019autonomisation des femmes dans la r\u00e9gion Marrakech-Safi, a \u00e9t\u00e9 lanc\u00e9e, vendredi dans la cit\u00e9 ocre, lors d\u2019une rencontre tenue en pr\u00e9sence de la ministre de la Solidarit\u00e9, de l\u2019Insertion sociale et de la Famille, Aawatif Hayar. Le lancement de cette plateforme [&hellip;]<\/p>\n","protected":false},"author":10,"featured_media":33034,"comment_status":"open","ping_status":"open","sticky":false,"template":"","format":"standard","meta":[],"categories":[25,54],"tags":[10969,11109],"yst_prominent_words":[1621,738,730,1936,5509,967,734],"jetpack_featured_media_url":"https:\/\/le12.ma\/fr\/wp-content\/uploads\/2023\/06\/Aawatif-Hayar-e1647423334104.jpeg","_links":{"self":[{"href":"https:\/\/le12.ma\/fr\/wp-json\/wp\/v2\/posts\/33033"}],"collection":[{"href":"https:\/\/le12.ma\/fr\/wp-json\/wp\/v2\/posts"}],"about":[{"href":"https:\/\/le12.ma\/fr\/wp-json\/wp\/v2\/types\/post"}],"author":[{"embeddable":true,"href":"https:\/\/le12.ma\/fr\/wp-json\/wp\/v2\/users\/10"}],"replies":[{"embeddable":true,"href":"https:\/\/le12.ma\/fr\/wp-json\/wp\/v2\/comments?post=33033"}],"version-history":[{"count":1,"href":"https:\/\/le12.ma\/fr\/wp-json\/wp\/v2\/posts\/33033\/revisions"}],"predecessor-version":[{"id":33035,"href":"https:\/\/le12.ma\/fr\/wp-json\/wp\/v2\/posts\/33033\/revisions\/33035"}],"wp:featuredmedia":[{"embeddable":true,"href":"https:\/\/le12.ma\/fr\/wp-json\/wp\/v2\/media\/33034"}],"wp:attachment":[{"href":"https:\/\/le12.ma\/fr\/wp-json\/wp\/v2\/media?parent=33033"}],"wp:term":[{"taxonomy":"category","embeddable":true,"href":"https:\/\/le12.ma\/fr\/wp-json\/wp\/v2\/categories?post=33033"},{"taxonomy":"post_tag","embeddable":true,"href":"https:\/\/le12.ma\/fr\/wp-json\/wp\/v2\/tags?post=33033"},{"taxonomy":"yst_prominent_words","embeddable":true,"href":"https:\/\/le12.ma\/fr\/wp-json\/wp\/v2\/yst_prominent_words?post=33033"}],"curies":[{"name":"wp","href":"https:\/\/api.w.org\/{rel}","templated":true}]}}