{"id":32987,"date":"2023-06-09T11:33:20","date_gmt":"2023-06-09T10:33:20","guid":{"rendered":"https:\/\/le12.ma\/fr\/?p=32987"},"modified":"2023-06-09T11:33:20","modified_gmt":"2023-06-09T10:33:20","slug":"agadir-un-individu-interpelle-pour-liens-presumes-avec-un-reseau-criminel-de-trafic-international-de-drogues","status":"publish","type":"post","link":"https:\/\/le12.ma\/fr\/agadir-un-individu-interpelle-pour-liens-presumes-avec-un-reseau-criminel-de-trafic-international-de-drogues\/","title":{"rendered":"Agadir : Un individu interpell\u00e9 pour liens pr\u00e9sum\u00e9s avec un r\u00e9seau criminel de trafic international de drogues"},"content":{"rendered":"<h2><strong>Les \u00e9l\u00e9ments du service <a href=\"https:\/\/www.mapexpress.ma\/actualite\/societe-et-regions\/agadir-individu-interpelle-liens-presumes-reseau-criminel-trafic-international-drogues\/\">pr\u00e9fectoral<\/a> de la police judiciaire de la ville d\u2019Agadir ont proc\u00e9d\u00e9, jeudi, sur la base d\u2019informations pr\u00e9cises fournies par les services de la Direction g\u00e9n\u00e9rale de la surveillance du territoire (DGST), \u00e0 l\u2019interpellation d\u2019un individu aux ant\u00e9c\u00e9dents judiciaires, \u00e2g\u00e9 de 41 ans, pour ses liens pr\u00e9sum\u00e9s avec un r\u00e9seau criminel actif dans le trafic international des drogues.<\/strong><\/h2>\n<p><strong>Le mis en cause a \u00e9t\u00e9 interpell\u00e9 \u00e0 bord d\u2019un <a href=\"https:\/\/le12.ma\/fr\/tanger-destruction-dune-quantite-importante-de-drogues-et-de-psychotropes\/\">v\u00e9hicule<\/a> utilitaire au niveau de la zone rurale \u00ab Tagadirt \u00bb aux environs de la ville d\u2019Agadir, pr\u00e9cise la Direction g\u00e9n\u00e9rale de s\u00fbret\u00e9 nationale (DGSN) dans un communiqu\u00e9, notant que l\u2019op\u00e9ration de perquisition effectu\u00e9e a permis la saisie de 59 paquets de cannabis, d\u2019un poids total de 2,048 tonnes, et de deux moteurs hors-bord.<\/strong><\/p>\n<p><strong>Le suspect a \u00e9t\u00e9 plac\u00e9 en garde \u00e0 vue \u00e0 la disposition de l\u2019enqu\u00eate men\u00e9e sous la supervision du parquet comp\u00e9tent pour \u00e9lucider les tenants et aboutissants de cette affaire, et d\u00e9terminer les \u00e9ventuelles ramifications de cette activit\u00e9 criminelle, indique la m\u00eame source.<\/strong><\/p>\n<p><strong>Cette op\u00e9ration s\u2019inscrit dans le cadre des efforts intenses d\u00e9ploy\u00e9s par les services de la DGSN et de la DGST pour lutter contre le trafic international de stup\u00e9fiants et de psychotropes.<\/strong><\/p>\n","protected":false},"excerpt":{"rendered":"<p>Les \u00e9l\u00e9ments du service pr\u00e9fectoral de la police judiciaire de la ville d\u2019Agadir ont proc\u00e9d\u00e9, jeudi, sur la base d\u2019informations pr\u00e9cises fournies par les services de la Direction g\u00e9n\u00e9rale de la surveillance du territoire (DGST), \u00e0 l\u2019interpellation d\u2019un individu aux ant\u00e9c\u00e9dents judiciaires, \u00e2g\u00e9 de 41 ans, pour ses liens pr\u00e9sum\u00e9s avec un r\u00e9seau criminel actif [&hellip;]<\/p>\n","protected":false},"author":10,"featured_media":32988,"comment_status":"open","ping_status":"open","sticky":false,"template":"","format":"standard","meta":[],"categories":[28,9268,54],"tags":[8948,7945],"yst_prominent_words":[2766,1375,5175,1374,2311,2317,181,1283,4577,5132,402],"jetpack_featured_media_url":"https:\/\/le12.ma\/fr\/wp-content\/uploads\/2023\/06\/DGSN-2.jpg","_links":{"self":[{"href":"https:\/\/le12.ma\/fr\/wp-json\/wp\/v2\/posts\/32987"}],"collection":[{"href":"https:\/\/le12.ma\/fr\/wp-json\/wp\/v2\/posts"}],"about":[{"href":"https:\/\/le12.ma\/fr\/wp-json\/wp\/v2\/types\/post"}],"author":[{"embeddable":true,"href":"https:\/\/le12.ma\/fr\/wp-json\/wp\/v2\/users\/10"}],"replies":[{"embeddable":true,"href":"https:\/\/le12.ma\/fr\/wp-json\/wp\/v2\/comments?post=32987"}],"version-history":[{"count":1,"href":"https:\/\/le12.ma\/fr\/wp-json\/wp\/v2\/posts\/32987\/revisions"}],"predecessor-version":[{"id":32989,"href":"https:\/\/le12.ma\/fr\/wp-json\/wp\/v2\/posts\/32987\/revisions\/32989"}],"wp:featuredmedia":[{"embeddable":true,"href":"https:\/\/le12.ma\/fr\/wp-json\/wp\/v2\/media\/32988"}],"wp:attachment":[{"href":"https:\/\/le12.ma\/fr\/wp-json\/wp\/v2\/media?parent=32987"}],"wp:term":[{"taxonomy":"category","embeddable":true,"href":"https:\/\/le12.ma\/fr\/wp-json\/wp\/v2\/categories?post=32987"},{"taxonomy":"post_tag","embeddable":true,"href":"https:\/\/le12.ma\/fr\/wp-json\/wp\/v2\/tags?post=32987"},{"taxonomy":"yst_prominent_words","embeddable":true,"href":"https:\/\/le12.ma\/fr\/wp-json\/wp\/v2\/yst_prominent_words?post=32987"}],"curies":[{"name":"wp","href":"https:\/\/api.w.org\/{rel}","templated":true}]}}