{"id":32844,"date":"2023-06-07T10:53:04","date_gmt":"2023-06-07T09:53:04","guid":{"rendered":"https:\/\/le12.ma\/fr\/?p=32844"},"modified":"2023-06-07T10:53:04","modified_gmt":"2023-06-07T09:53:04","slug":"siel-2023-plus-de-62-000-visiteurs-en-quatre-jours","status":"publish","type":"post","link":"https:\/\/le12.ma\/fr\/siel-2023-plus-de-62-000-visiteurs-en-quatre-jours\/","title":{"rendered":"SIEL 2023 : Plus de 62.000 visiteurs en quatre jours"},"content":{"rendered":"<h2><strong>La 28\u00e8me \u00e9dition du Salon <a href=\"https:\/\/www.mapexpress.ma\/actualite\/culture-et-medias\/siel-2023-62-000-visiteurs-en-quatre-jours-ministere\/\">international<\/a> de l\u2019\u00e9dition et du livre (SIEL) a accueilli plus de 62.000 visiteurs au cours des quatre premiers jours de cette manifestation, selon le minist\u00e8re de la Jeunesse, de la Culture et de la Communication.<\/strong><\/h2>\n<p><strong>Durant les quatre <a href=\"https:\/\/le12.ma\/fr\/siel-2023-une-programmation-riche-et-variee-de-linsap\/\">premiers<\/a> jours ( (2-5 juin), le Salon, plac\u00e9 sous le Haut patronage de SM le Roi Mohammed VI, a attir\u00e9 62.012 visiteurs, soit une augmentation de 8 % par rapport \u00e0 la m\u00eame p\u00e9riode de l\u2019\u00e9dition pr\u00e9c\u00e9dente, pr\u00e9cise-t-on.<\/strong><\/p>\n<p><strong>Organis\u00e9 par le minist\u00e8re de la Jeunesse, de la Culture et de la Communication en partenariat avec la Wilaya de la r\u00e9gion de Rabat-Sal\u00e9-K\u00e9nitra et le Conseil de la r\u00e9gion Rabat-Sal\u00e9-K\u00e9nitra, le SIEL-2023, qui se poursuit jusqu\u2019au 11 juin, est marqu\u00e9 par la participation de 661 \u00e9crivains, intellectuels et po\u00e8tes marocains et \u00e9trangers qui illumineront avec leurs contributions intellectuelles le ciel de ce Salon international de renom.<\/strong><\/p>\n","protected":false},"excerpt":{"rendered":"<p>La 28\u00e8me \u00e9dition du Salon international de l\u2019\u00e9dition et du livre (SIEL) a accueilli plus de 62.000 visiteurs au cours des quatre premiers jours de cette manifestation, selon le minist\u00e8re de la Jeunesse, de la Culture et de la Communication. Durant les quatre premiers jours ( (2-5 juin), le Salon, plac\u00e9 sous le Haut patronage [&hellip;]<\/p>\n","protected":false},"author":10,"featured_media":32845,"comment_status":"open","ping_status":"open","sticky":false,"template":"","format":"standard","meta":[],"categories":[31,25,54],"tags":[9553,9550],"yst_prominent_words":[583,181,3716,3276,2041,148,967],"jetpack_featured_media_url":"https:\/\/le12.ma\/fr\/wp-content\/uploads\/2023\/06\/SIEL1-1-e1655123749182.webp","_links":{"self":[{"href":"https:\/\/le12.ma\/fr\/wp-json\/wp\/v2\/posts\/32844"}],"collection":[{"href":"https:\/\/le12.ma\/fr\/wp-json\/wp\/v2\/posts"}],"about":[{"href":"https:\/\/le12.ma\/fr\/wp-json\/wp\/v2\/types\/post"}],"author":[{"embeddable":true,"href":"https:\/\/le12.ma\/fr\/wp-json\/wp\/v2\/users\/10"}],"replies":[{"embeddable":true,"href":"https:\/\/le12.ma\/fr\/wp-json\/wp\/v2\/comments?post=32844"}],"version-history":[{"count":1,"href":"https:\/\/le12.ma\/fr\/wp-json\/wp\/v2\/posts\/32844\/revisions"}],"predecessor-version":[{"id":32846,"href":"https:\/\/le12.ma\/fr\/wp-json\/wp\/v2\/posts\/32844\/revisions\/32846"}],"wp:featuredmedia":[{"embeddable":true,"href":"https:\/\/le12.ma\/fr\/wp-json\/wp\/v2\/media\/32845"}],"wp:attachment":[{"href":"https:\/\/le12.ma\/fr\/wp-json\/wp\/v2\/media?parent=32844"}],"wp:term":[{"taxonomy":"category","embeddable":true,"href":"https:\/\/le12.ma\/fr\/wp-json\/wp\/v2\/categories?post=32844"},{"taxonomy":"post_tag","embeddable":true,"href":"https:\/\/le12.ma\/fr\/wp-json\/wp\/v2\/tags?post=32844"},{"taxonomy":"yst_prominent_words","embeddable":true,"href":"https:\/\/le12.ma\/fr\/wp-json\/wp\/v2\/yst_prominent_words?post=32844"}],"curies":[{"name":"wp","href":"https:\/\/api.w.org\/{rel}","templated":true}]}}