{"id":32732,"date":"2023-06-03T10:30:11","date_gmt":"2023-06-03T09:30:11","guid":{"rendered":"https:\/\/le12.ma\/fr\/?p=32732"},"modified":"2023-06-03T10:30:11","modified_gmt":"2023-06-03T09:30:11","slug":"el-malki-le-csefrs-prone-la-mise-en-place-de-nouvelles-pratiques-denseignement-et-dapprentissage","status":"publish","type":"post","link":"https:\/\/le12.ma\/fr\/el-malki-le-csefrs-prone-la-mise-en-place-de-nouvelles-pratiques-denseignement-et-dapprentissage\/","title":{"rendered":"El Malki\u00a0: Le CSEFRS pr\u00f4ne la mise en place de nouvelles pratiques d\u2019enseignement et d\u2019apprentissage"},"content":{"rendered":"<h2><strong>Le Conseil Sup\u00e9rieur de <a href=\"https:\/\/www.mapexpress.ma\/actualite\/societe-et-regions\/csefrs-prone-mise-en-place-nouvelles-pratiques-denseignement-dapprentissage-el-malki\/\">l\u2019\u00c9ducation<\/a>, de la Formation et de la Recherche Scientifique (CSEFRS) pr\u00f4ne la mise en place de nouvelles pratiques d\u2019enseignement pour faire de l\u2019\u00e9cole un espace exemplaire d\u2019apprentissage et d\u2019ouverture, a affirm\u00e9, vendredi \u00e0 Rabat, le pr\u00e9sident du Conseil, Habib El Malki.<\/strong><\/h2>\n<p><strong>Intervenant \u00e0 l\u2019ouverture de la <a href=\"https:\/\/le12.ma\/fr\/education-le-bureau-du-csefrs-tient-sa-10eme-reunion\/\">participation<\/a> du Conseil au Salon International de l\u2019\u00c9dition et du Livre (SIEL), M. El Malki a ajout\u00e9 que le Conseil est pour le d\u00e9veloppement d\u2019une \u00e9cole mod\u00e8le en mati\u00e8re de vie durable, d\u2019adaptation des curricula et de d\u00e9veloppement des comp\u00e9tences des enseignants et des apprenants.<\/strong><\/p>\n<p><strong>Ce d\u00e9veloppement se fera notamment \u00e0 travers l\u2019int\u00e9gration syst\u00e9matique de l\u2019intelligence artificielle (IA) et son inclusion dans la lutte contre les in\u00e9galit\u00e9s actuelles en mati\u00e8re d\u2019acc\u00e8s au savoir, \u00e0 la recherche et la diversit\u00e9, a-t-il relev\u00e9.<\/strong><\/p>\n<p><strong>Pour M. El Malki, la convergence des technologies \u00e9mergentes dans tous les aspects de la vie exige une bonne ma\u00eetrise de cette derni\u00e8re en vue de l\u2019orienter dans la bonne direction afin d\u2019am\u00e9liorer les moyens de subsistance, r\u00e9duire les in\u00e9galit\u00e9s, encourager la justice et l\u2019\u00e9quit\u00e9 et en assurer une utilisation \u00e9thique et transparente.<\/strong><\/p>\n<p><strong>Et de relever que les avanc\u00e9es technologiques ont facilit\u00e9 l\u2019\u00e9mergence d\u2019une arme immat\u00e9rielle qui favorise la circulation des fausses informations, de la haine et des discours extr\u00e9mistes.<\/strong><\/p>\n<p><strong>Anim\u00e9e par le Professeur et \u00e9minent chercheur Rachid Yazami et mod\u00e9r\u00e9e par M. Salah El Ouadie, membre du Conseil, la conf\u00e9rence inaugurale des activit\u00e9s du CSEFRS au SIEL a port\u00e9 sur \u201cL\u2019\u00e9cole nouvelle face aux d\u00e9fis de la transition \u00e9nerg\u00e9tique et de l\u2019Intelligence artificielle\u201d.<\/strong><\/p>\n<p><strong>Le programme de participation du Conseil au SIEL (01-11 juin) pr\u00e9voit \u00e9galement une s\u00e9rie de tables rondes traitant des questions li\u00e9es aux enjeux du syst\u00e8me d\u2019\u00e9ducation, de formation et de recherche scientifique dans notre pays.<\/strong><\/p>\n<p><strong>Des sujets tels que le rapport entre l\u2019\u00e9cole et la culture, les ambitions de l\u2019\u00e9dification d\u2019une nouvelle \u00e9cole, les curriculums, la r\u00e9forme du syst\u00e8me de l\u2019enseignement sup\u00e9rieur et de la recherche scientifique, ainsi que les enjeux de la formation professionnelle et de l\u2019emploi, seront les principaux axes de d\u00e9bat qui animeront le stand du Conseil.<\/strong><\/p>\n<p><strong>En outre, le Conseil organise une journ\u00e9e sp\u00e9ciale au profit des enfants, en provenance de diverses r\u00e9gions du Royaume, pour participer \u00e0 une visite de groupe au SIEL.<\/strong><\/p>\n<p><strong>Le Conseil conclura son programme de participation \u00e0 la 28e \u00e9dition du SIEL par une conf\u00e9rence de cl\u00f4ture sur \u201cL\u2019intelligence artificielle au service de l\u2019\u00e9ducation et de la recherche scientifique\u201d, anim\u00e9e par le professeur Amal Falah Seghrouchni le samedi 10 juin.<\/strong><\/p>\n","protected":false},"excerpt":{"rendered":"<p>Le Conseil Sup\u00e9rieur de l\u2019\u00c9ducation, de la Formation et de la Recherche Scientifique (CSEFRS) pr\u00f4ne la mise en place de nouvelles pratiques d\u2019enseignement pour faire de l\u2019\u00e9cole un espace exemplaire d\u2019apprentissage et d\u2019ouverture, a affirm\u00e9, vendredi \u00e0 Rabat, le pr\u00e9sident du Conseil, Habib El Malki. Intervenant \u00e0 l\u2019ouverture de la participation du Conseil au Salon [&hellip;]<\/p>\n","protected":false},"author":2,"featured_media":32733,"comment_status":"open","ping_status":"open","sticky":false,"template":"","format":"standard","meta":[],"categories":[31,54],"tags":[11077,10592],"yst_prominent_words":[100,694,1006,1313,1124,2219,3245,1323,4473,394,825],"jetpack_featured_media_url":"https:\/\/le12.ma\/fr\/wp-content\/uploads\/2023\/06\/WhatsApp-Image-2023-05-17-at-11.12.56-640x426-1.jpeg","_links":{"self":[{"href":"https:\/\/le12.ma\/fr\/wp-json\/wp\/v2\/posts\/32732"}],"collection":[{"href":"https:\/\/le12.ma\/fr\/wp-json\/wp\/v2\/posts"}],"about":[{"href":"https:\/\/le12.ma\/fr\/wp-json\/wp\/v2\/types\/post"}],"author":[{"embeddable":true,"href":"https:\/\/le12.ma\/fr\/wp-json\/wp\/v2\/users\/2"}],"replies":[{"embeddable":true,"href":"https:\/\/le12.ma\/fr\/wp-json\/wp\/v2\/comments?post=32732"}],"version-history":[{"count":1,"href":"https:\/\/le12.ma\/fr\/wp-json\/wp\/v2\/posts\/32732\/revisions"}],"predecessor-version":[{"id":32734,"href":"https:\/\/le12.ma\/fr\/wp-json\/wp\/v2\/posts\/32732\/revisions\/32734"}],"wp:featuredmedia":[{"embeddable":true,"href":"https:\/\/le12.ma\/fr\/wp-json\/wp\/v2\/media\/32733"}],"wp:attachment":[{"href":"https:\/\/le12.ma\/fr\/wp-json\/wp\/v2\/media?parent=32732"}],"wp:term":[{"taxonomy":"category","embeddable":true,"href":"https:\/\/le12.ma\/fr\/wp-json\/wp\/v2\/categories?post=32732"},{"taxonomy":"post_tag","embeddable":true,"href":"https:\/\/le12.ma\/fr\/wp-json\/wp\/v2\/tags?post=32732"},{"taxonomy":"yst_prominent_words","embeddable":true,"href":"https:\/\/le12.ma\/fr\/wp-json\/wp\/v2\/yst_prominent_words?post=32732"}],"curies":[{"name":"wp","href":"https:\/\/api.w.org\/{rel}","templated":true}]}}