{"id":32718,"date":"2023-06-02T13:39:49","date_gmt":"2023-06-02T12:39:49","guid":{"rendered":"https:\/\/le12.ma\/fr\/?p=32718"},"modified":"2023-06-02T13:39:49","modified_gmt":"2023-06-02T12:39:49","slug":"rabat-lircam-prend-part-a-la-28eme-edition-du-siel","status":"publish","type":"post","link":"https:\/\/le12.ma\/fr\/rabat-lircam-prend-part-a-la-28eme-edition-du-siel\/","title":{"rendered":"Rabat: L\u2019IRCAM prend part \u00e0 la 28\u00e8me \u00e9dition du SIEL"},"content":{"rendered":"<h2><strong>L\u2019Institut royal de la culture <a href=\"https:\/\/www.mapexpress.ma\/actualite\/culture-et-medias\/lircam-prend-part-28eme-edition-du-siel\/\">amazighe<\/a> (IRCAM) participe \u00e0 la 28\u00e8me \u00e9dition du Salon international de l\u2019\u00e9dition et du livre (SIEL), qui se tient \u00e0 Rabat du 1er au 11 juin 2023.<\/strong><\/h2>\n<p><strong>L\u2019IRCAM prendra part au SIEL sous le signe \u201cLa <a href=\"https:\/\/le12.ma\/fr\/rabat-la-28eme-edition-du-salon-international-de-ledition-et-du-livre-siel-2023\/\">promotion<\/a> du livre amazigh, un des leviers de la diversit\u00e9 culturelle\u201d, \u00e0 travers l\u2019organisation d&rsquo;\u201dintenses activit\u00e9s avec un programme vari\u00e9 durant toute la p\u00e9riode du Salon\u201d, indique l\u2019Institut dans un communiqu\u00e9.<\/strong><\/p>\n<p><strong>Le Recteur de l\u2019IRCAM, Ahmed Boukous, prendra part \u00e0 une conf\u00e9rence sur \u201cla situation linguistique au Maroc\u201d aux c\u00f4t\u00e9s du linguiste Abdelkader Fassi Fehri et de l\u2019acad\u00e9micien Abdelali Oudghiri, pr\u00e9cise la m\u00eame source, ajoutant que l\u2019Institut participera, aux c\u00f4t\u00e9s du Conseil de la communaut\u00e9 marocaine \u00e0 l\u2019\u00e9tranger (CCME), \u00e0 une table ronde sur \u201cl\u2019offre culturelle amazighe destin\u00e9e aux Marocains du monde\u201d.<\/strong><\/p>\n<p><strong>Les centres relevant de l\u2019Institut organiseront, par ailleurs, des rencontres sur un certain nombre de th\u00e8mes li\u00e9s \u00e0 la langue et \u00e0 la culture amazighes, tels que \u201cla mise en \u0153uvre du caract\u00e8re officiel de la langue amazighe, les d\u00e9fis de la traduction de et vers la langue amazighe\u201d, \u201cle r\u00f4le de la recherche scientifique dans la promotion de la langue amazighe\u201d, et \u201ccontributions de l\u2019IRCAM \u00e0 la diffusion des connaissances historiques et environnementales\u201d.<\/strong><\/p>\n<p><strong>Parall\u00e8lement \u00e0 ces rencontres, l\u2019IRCAM pr\u00e9voit la pr\u00e9sentation des nouvelles publications de ses centres, ainsi que la signature du dictionnaire amazigh-fran\u00e7ais, \u201cParler de Figuig\u201d du chercheur Mohamed Yeou.<\/strong><\/p>\n","protected":false},"excerpt":{"rendered":"<p>L\u2019Institut royal de la culture amazighe (IRCAM) participe \u00e0 la 28\u00e8me \u00e9dition du Salon international de l\u2019\u00e9dition et du livre (SIEL), qui se tient \u00e0 Rabat du 1er au 11 juin 2023. L\u2019IRCAM prendra part au SIEL sous le signe \u201cLa promotion du livre amazigh, un des leviers de la diversit\u00e9 culturelle\u201d, \u00e0 travers l\u2019organisation [&hellip;]<\/p>\n","protected":false},"author":2,"featured_media":32719,"comment_status":"open","ping_status":"open","sticky":false,"template":"","format":"standard","meta":[],"categories":[31,54],"tags":[586,11076],"yst_prominent_words":[584,414,2109,583,261,3795,1003,512,300,4712],"jetpack_featured_media_url":"https:\/\/le12.ma\/fr\/wp-content\/uploads\/2023\/06\/amazighe.jpg","_links":{"self":[{"href":"https:\/\/le12.ma\/fr\/wp-json\/wp\/v2\/posts\/32718"}],"collection":[{"href":"https:\/\/le12.ma\/fr\/wp-json\/wp\/v2\/posts"}],"about":[{"href":"https:\/\/le12.ma\/fr\/wp-json\/wp\/v2\/types\/post"}],"author":[{"embeddable":true,"href":"https:\/\/le12.ma\/fr\/wp-json\/wp\/v2\/users\/2"}],"replies":[{"embeddable":true,"href":"https:\/\/le12.ma\/fr\/wp-json\/wp\/v2\/comments?post=32718"}],"version-history":[{"count":1,"href":"https:\/\/le12.ma\/fr\/wp-json\/wp\/v2\/posts\/32718\/revisions"}],"predecessor-version":[{"id":32720,"href":"https:\/\/le12.ma\/fr\/wp-json\/wp\/v2\/posts\/32718\/revisions\/32720"}],"wp:featuredmedia":[{"embeddable":true,"href":"https:\/\/le12.ma\/fr\/wp-json\/wp\/v2\/media\/32719"}],"wp:attachment":[{"href":"https:\/\/le12.ma\/fr\/wp-json\/wp\/v2\/media?parent=32718"}],"wp:term":[{"taxonomy":"category","embeddable":true,"href":"https:\/\/le12.ma\/fr\/wp-json\/wp\/v2\/categories?post=32718"},{"taxonomy":"post_tag","embeddable":true,"href":"https:\/\/le12.ma\/fr\/wp-json\/wp\/v2\/tags?post=32718"},{"taxonomy":"yst_prominent_words","embeddable":true,"href":"https:\/\/le12.ma\/fr\/wp-json\/wp\/v2\/yst_prominent_words?post=32718"}],"curies":[{"name":"wp","href":"https:\/\/api.w.org\/{rel}","templated":true}]}}