{"id":32708,"date":"2023-06-02T11:48:44","date_gmt":"2023-06-02T10:48:44","guid":{"rendered":"https:\/\/le12.ma\/fr\/?p=32708"},"modified":"2023-06-02T11:48:44","modified_gmt":"2023-06-02T10:48:44","slug":"le-moussem-de-tantan-de-retour-apres-une-interruption-de-trois-ans","status":"publish","type":"post","link":"https:\/\/le12.ma\/fr\/le-moussem-de-tantan-de-retour-apres-une-interruption-de-trois-ans\/","title":{"rendered":"Le Moussem de Tantan de retour apr\u00e8s une interruption de trois ans"},"content":{"rendered":"<h2><strong>Sous le Haut Patronage de Sa Majest\u00e9 Le Roi Mohammed VI, que Dieu L\u2019Assiste, la <a href=\"https:\/\/fr.wikipedia.org\/wiki\/Moussem_de_Tan-Tan\">Fondation<\/a> Almouggar organise la 16\u00e8me \u00e9dition du Moussem de Tantan qui se tiendra du 07 au 12 juillet 2023, sous la th\u00e9matique \u00ab Moussem de Tantan, enracinement identitaire et levier de d\u00e9veloppement durable \u00bb.\u00a0\u00a0 <\/strong><\/h2>\n<p><strong>Cette <a href=\"https:\/\/le12.ma\/fr\/coup-denvoi-de-la-session-dete-du-43e-moussem-culturel-international-dassilah\/\">\u00e9dition<\/a> est organis\u00e9e apr\u00e8s une interruption de trois ann\u00e9es en raison de la pand\u00e9mie Covid-19 et des mesures sanitaires qui ont d\u00fb \u00eatre mises en place.<\/strong><\/p>\n<p><strong>Elle mettra en exergue la richesse et la diversit\u00e9 du patrimoine culturel immat\u00e9riel marocain ainsi que les biens culturels du Maroc qui figurent sur la liste du patrimoine immat\u00e9riel mondial de l\u2019UNESCO.<\/strong><\/p>\n<p><strong>La pr\u00e9servation et la sauvegarde du patrimoine appara\u00eetra dans les diverses activit\u00e9s conform\u00e9ment au message de Sa Majest\u00e9 Le Roi Mohammed VI, que Dieu L\u2019Assiste, adress\u00e9 aux participants \u00e0 la 17\u00e8me session du Comit\u00e9 intergouvernemental de l&rsquo;UNESCO pour la sauvegarde du patrimoine culturel immat\u00e9riel qui s\u2019est tenu \u00e0 Rabat en novembre 2022.<\/strong><\/p>\n<p><strong>A l\u2019instar des \u00e9ditions pr\u00e9c\u00e9dentes, le Moussem de cette ann\u00e9e pr\u00e9voit un programme riche et vari\u00e9 avec \u00e0 l\u2019affiche des soir\u00e9es musicales et artistiques anim\u00e9es par des troupes nationales et internationales sur les sc\u00e8nes de Tan-Tan et de El Ouatia, des Tbouridas, des courses de dromadaires au Cam\u00e9lodrome en partenariat avec les Emirats Arabes Unis, des activit\u00e9s patrimoniales, culturelles, artistiques, sportives et socio-\u00e9conomiques tout au long de ce rendez-vous incontournable.<\/strong><\/p>\n<p><strong>En marge du Moussem, la Fondation, en collaboration avec ses partenaires, organisera la \u00ab Green Invest Conf\u00e9rence \u00bb, avec pour objectif d\u2019identifier les cr\u00e9neaux d\u2019investissements et de mettre en exergue les potentialit\u00e9s \u00e9conomiques dont dispose la r\u00e9gion, ainsi qu\u2019un colloque sur la culture hassanie et les enjeux pour pr\u00e9server la m\u00e9moire et promouvoir le patrimoine immat\u00e9riel. <\/strong><\/p>\n<p><strong>Proclam\u00e9 en 2005 patrimoine culturel immat\u00e9riel de l\u2019humanit\u00e9 par l\u2019UNESCO, et inscrit sur la liste repr\u00e9sentative du patrimoine culturel Immat\u00e9riel de l\u2019humanit\u00e9 en 2008, le Moussem constitue donc une opportunit\u00e9 pour c\u00e9l\u00e9brer les diverses expressions culturelles et une manifestation pour la pr\u00e9servation et la promotion du patrimoine immat\u00e9riel enracin\u00e9 dans les traditions de la r\u00e9gion et les provinces du sud du Royaume Ch\u00e9rifien. <\/strong><\/p>\n<p><strong>Repr\u00e9sentant authentique de l\u2019affluent Hassani de l\u2019identit\u00e9 plurielle marocaine, le Moussem est un point de convergence annuel pour les tribus du sud du Royaume et des pays africains voisins, attach\u00e9s \u00e0 leur histoire et \u00e0 leur patrimoine civilisationnel et culturel, \u00e9rig\u00e9 en un patrimoine mondial par excellence.<\/strong><\/p>\n","protected":false},"excerpt":{"rendered":"<p>Sous le Haut Patronage de Sa Majest\u00e9 Le Roi Mohammed VI, que Dieu L\u2019Assiste, la Fondation Almouggar organise la 16\u00e8me \u00e9dition du Moussem de Tantan qui se tiendra du 07 au 12 juillet 2023, sous la th\u00e9matique \u00ab Moussem de Tantan, enracinement identitaire et levier de d\u00e9veloppement durable \u00bb.\u00a0\u00a0 Cette \u00e9dition est organis\u00e9e apr\u00e8s une [&hellip;]<\/p>\n","protected":false},"author":2,"featured_media":32709,"comment_status":"open","ping_status":"open","sticky":false,"template":"","format":"standard","meta":[],"categories":[31,9268,54],"tags":[9038,11075],"yst_prominent_words":[1716,354,738,730,1490,255,1484,734],"jetpack_featured_media_url":"https:\/\/le12.ma\/fr\/wp-content\/uploads\/2023\/06\/Moussem-de-Tantan.jpg","_links":{"self":[{"href":"https:\/\/le12.ma\/fr\/wp-json\/wp\/v2\/posts\/32708"}],"collection":[{"href":"https:\/\/le12.ma\/fr\/wp-json\/wp\/v2\/posts"}],"about":[{"href":"https:\/\/le12.ma\/fr\/wp-json\/wp\/v2\/types\/post"}],"author":[{"embeddable":true,"href":"https:\/\/le12.ma\/fr\/wp-json\/wp\/v2\/users\/2"}],"replies":[{"embeddable":true,"href":"https:\/\/le12.ma\/fr\/wp-json\/wp\/v2\/comments?post=32708"}],"version-history":[{"count":1,"href":"https:\/\/le12.ma\/fr\/wp-json\/wp\/v2\/posts\/32708\/revisions"}],"predecessor-version":[{"id":32710,"href":"https:\/\/le12.ma\/fr\/wp-json\/wp\/v2\/posts\/32708\/revisions\/32710"}],"wp:featuredmedia":[{"embeddable":true,"href":"https:\/\/le12.ma\/fr\/wp-json\/wp\/v2\/media\/32709"}],"wp:attachment":[{"href":"https:\/\/le12.ma\/fr\/wp-json\/wp\/v2\/media?parent=32708"}],"wp:term":[{"taxonomy":"category","embeddable":true,"href":"https:\/\/le12.ma\/fr\/wp-json\/wp\/v2\/categories?post=32708"},{"taxonomy":"post_tag","embeddable":true,"href":"https:\/\/le12.ma\/fr\/wp-json\/wp\/v2\/tags?post=32708"},{"taxonomy":"yst_prominent_words","embeddable":true,"href":"https:\/\/le12.ma\/fr\/wp-json\/wp\/v2\/yst_prominent_words?post=32708"}],"curies":[{"name":"wp","href":"https:\/\/api.w.org\/{rel}","templated":true}]}}