{"id":32703,"date":"2023-06-02T11:18:03","date_gmt":"2023-06-02T10:18:03","guid":{"rendered":"https:\/\/le12.ma\/fr\/?p=32703"},"modified":"2023-06-02T11:18:03","modified_gmt":"2023-06-02T10:18:03","slug":"rabat-la-28eme-edition-du-salon-international-de-ledition-et-du-livre-siel-2023","status":"publish","type":"post","link":"https:\/\/le12.ma\/fr\/rabat-la-28eme-edition-du-salon-international-de-ledition-et-du-livre-siel-2023\/","title":{"rendered":"Rabat\u00a0: la 28\u00e8me \u00e9dition du Salon international de l\u2019\u00e9dition et du livre (SIEL-2023)"},"content":{"rendered":"<h2><strong>Le coup d\u2019envoi de la 28\u00e8me <a href=\"https:\/\/www.mapexpress.ma\/actualite\/culture-et-medias\/coup-denvoi-rabat-28eme-edition-du-salon-international-ledition-du-livre-siel-2023\/\">\u00e9dition<\/a> du Salon international de l\u2019\u00e9dition et du livre (SIEL-2023) a \u00e9t\u00e9 donn\u00e9, jeudi \u00e0 Rabat, par le ministre de la jeunesse, de la culture et de la communication, Mohamed Mehdi Bensaid, en pr\u00e9sence d\u2019une pl\u00e9iade d\u2019\u00e9minentes personnalit\u00e9s du monde politique, diplomatique et culturel.<\/strong><\/h2>\n<p><strong>Plac\u00e9e sous le Haut <a href=\"https:\/\/le12.ma\/fr\/siel-report-sine-die-de-la-27e-edition-ministere\/\">Patronage<\/a> de Sa Majest\u00e9 le Roi Mohammed VI, cette \u00e9dition, qui se poursuivra jusqu\u2019au 11 juin, conna\u00eet la participation de plus de 700 exposants, dont 287 exposants directs et 450 exposants indirects, repr\u00e9sentant 51 pays, avec le Qu\u00e9bec comme invit\u00e9 sp\u00e9cial.<\/strong><\/p>\n<p><strong>Dans une d\u00e9claration \u00e0 la presse, M. Bensaid a soulign\u00e9 que ce Salon du livre repr\u00e9sente pour l\u2019ensemble des citoyens un rendez-vous incontournable c\u00e9l\u00e9brant les \u00e9crivains, les livres et la litt\u00e9rature.<\/strong><\/p>\n<p><strong>Cet \u00e9v\u00e9nement international conna\u00eet \u00e0 chaque \u00e9dition un engouement de la part des visiteurs et des participants, a-t-il relev\u00e9, notant que \u201cles chiffres que nous enregistrons chaque ann\u00e9e d\u00e9montrent qu\u2019il y a une soif de lecture, de culture et de livres, qui nous pousse \u00e0 am\u00e9liorer annuellement notre programmation culturelle\u201d.<\/strong><\/p>\n<p><strong>Le choix du Qu\u00e9bec comme invit\u00e9 sp\u00e9cial s\u2019inscrit dans le cadre de la comm\u00e9moration du 60\u00e8me anniversaire de l\u2019\u00e9tablissement des relations diplomatiques entre le Maroc et le Canada, a-t-il ajout\u00e9.<\/strong><\/p>\n<p><strong>De son c\u00f4t\u00e9, la directrice g\u00e9n\u00e9rale de l\u2019association nationale des \u00e9diteurs de livres (ANEL) au Qu\u00e9bec, Karine Vachon, s\u2019est f\u00e9licit\u00e9e du choix de Qu\u00e9bec en tant qu\u2019invit\u00e9 sp\u00e9cial de cette nouvelle \u00e9dition du SIEL, notant que \u201ccette manifestation culturelle repr\u00e9sente une occasion inou\u00efe de cr\u00e9er des liens et des ponts entre le public et les professionnels du Maroc et du Qu\u00e9bec\u201d.<\/strong><\/p>\n<p><strong>\u201cOn esp\u00e8re \u00eatre pr\u00e9sents aux prochaines \u00e9ditions de ce Salon afin de pouvoir poursuivre cette r\u00e9flexion autour des relations entre le Qu\u00e9bec et le Maroc mais \u00e9galement pour mettre en avant la diversit\u00e9 de la culture qu\u00e9b\u00e9coise \u00e0 l\u2019international\u201d, a-t-elle dit.<\/strong><\/p>\n<p><strong>Organis\u00e9e par le minist\u00e8re de la Jeunesse, de la Culture et de la Communication en partenariat avec la Wilaya de la r\u00e9gion de Rabat-Sal\u00e9-K\u00e9nitra et le Conseil de la r\u00e9gion Rabat-Sal\u00e9-K\u00e9nitra, cette \u00e9dition est marqu\u00e9e par la participation de 661 \u00e9crivains, intellectuels et po\u00e8tes marocains et \u00e9trangers, qui illumineront avec leurs contributions intellectuelles le ciel de ce Salon international de renom.<\/strong><\/p>\n<p><strong>Le choix du Qu\u00e9bec comme invit\u00e9 sp\u00e9cial offre, par ailleurs, une excellente occasion de c\u00e9l\u00e9brer le 60\u00e8me anniversaire de l\u2019\u00e9tablissement des relations diplomatiques entre le Maroc et le Canada, qui connaissent une dynamique remarquable \u00e0 tous les niveaux. Il s\u2019agit \u00e9galement pour les visiteurs du Salon de plonger dans l\u2019univers culturel propre au Qu\u00e9bec et de d\u00e9couvrir ses cr\u00e9ateurs et ses \u00e9crivains.<\/strong><\/p>\n<p><strong>D\u2019autre part, la litt\u00e9rature africaine, qui a \u00e9t\u00e9 l\u2019invit\u00e9e d\u2019honneur de l\u2019\u00e9dition SIEL 2022 dans le cadre de la c\u00e9l\u00e9bration de \u201cRabat, Capitale africaine de la culture\u201d, sera encore pr\u00e9sente en force lors de cette 28\u00e8 \u00e9dition du salon, notamment avec la pr\u00e9sence de l\u2019\u00e9crivain nig\u00e9rian, Wole Soyinka, premier laur\u00e9at africain du prix Nobel (1986).<\/strong><\/p>\n<p><strong>Au menu de cette \u00e9dition figurent plusieurs \u00e9v\u00e9nements culturels, en plus de la mise en place d\u2019un espace sp\u00e9cialement d\u00e9di\u00e9 aux enfants, proposant un large \u00e9ventail d\u2019ateliers et d\u2019activit\u00e9s scientifiques et culturelles destin\u00e9s \u00e0 renforcer la relation des enfant avec l\u2019apprentissage et les livres.<\/strong><\/p>\n","protected":false},"excerpt":{"rendered":"<p>Le coup d\u2019envoi de la 28\u00e8me \u00e9dition du Salon international de l\u2019\u00e9dition et du livre (SIEL-2023) a \u00e9t\u00e9 donn\u00e9, jeudi \u00e0 Rabat, par le ministre de la jeunesse, de la culture et de la communication, Mohamed Mehdi Bensaid, en pr\u00e9sence d\u2019une pl\u00e9iade d\u2019\u00e9minentes personnalit\u00e9s du monde politique, diplomatique et culturel. Plac\u00e9e sous le Haut Patronage [&hellip;]<\/p>\n","protected":false},"author":2,"featured_media":32704,"comment_status":"open","ping_status":"open","sticky":false,"template":"","format":"standard","meta":[],"categories":[31,33,54],"tags":[11074,9550],"yst_prominent_words":[583,257],"jetpack_featured_media_url":"https:\/\/le12.ma\/fr\/wp-content\/uploads\/2023\/06\/SIEL-2023-850x560-1.jpg","_links":{"self":[{"href":"https:\/\/le12.ma\/fr\/wp-json\/wp\/v2\/posts\/32703"}],"collection":[{"href":"https:\/\/le12.ma\/fr\/wp-json\/wp\/v2\/posts"}],"about":[{"href":"https:\/\/le12.ma\/fr\/wp-json\/wp\/v2\/types\/post"}],"author":[{"embeddable":true,"href":"https:\/\/le12.ma\/fr\/wp-json\/wp\/v2\/users\/2"}],"replies":[{"embeddable":true,"href":"https:\/\/le12.ma\/fr\/wp-json\/wp\/v2\/comments?post=32703"}],"version-history":[{"count":1,"href":"https:\/\/le12.ma\/fr\/wp-json\/wp\/v2\/posts\/32703\/revisions"}],"predecessor-version":[{"id":32705,"href":"https:\/\/le12.ma\/fr\/wp-json\/wp\/v2\/posts\/32703\/revisions\/32705"}],"wp:featuredmedia":[{"embeddable":true,"href":"https:\/\/le12.ma\/fr\/wp-json\/wp\/v2\/media\/32704"}],"wp:attachment":[{"href":"https:\/\/le12.ma\/fr\/wp-json\/wp\/v2\/media?parent=32703"}],"wp:term":[{"taxonomy":"category","embeddable":true,"href":"https:\/\/le12.ma\/fr\/wp-json\/wp\/v2\/categories?post=32703"},{"taxonomy":"post_tag","embeddable":true,"href":"https:\/\/le12.ma\/fr\/wp-json\/wp\/v2\/tags?post=32703"},{"taxonomy":"yst_prominent_words","embeddable":true,"href":"https:\/\/le12.ma\/fr\/wp-json\/wp\/v2\/yst_prominent_words?post=32703"}],"curies":[{"name":"wp","href":"https:\/\/api.w.org\/{rel}","templated":true}]}}