{"id":32699,"date":"2023-06-02T10:57:12","date_gmt":"2023-06-02T09:57:12","guid":{"rendered":"https:\/\/le12.ma\/fr\/?p=32699"},"modified":"2023-06-02T10:57:12","modified_gmt":"2023-06-02T09:57:12","slug":"tanger-interpellation-dun-extremiste-affilie-a-ei","status":"publish","type":"post","link":"https:\/\/le12.ma\/fr\/tanger-interpellation-dun-extremiste-affilie-a-ei\/","title":{"rendered":"Tanger : interpellation d\u2019un extr\u00e9miste affili\u00e9 \u00e0 \u201cEI\u201d"},"content":{"rendered":"<h2><strong>Les \u00e9l\u00e9ments de la police <a href=\"https:\/\/www.mapexpress.ma\/actualite\/societe-et-regions\/tanger-interpellation-dun-extremiste-affilie-ei-dgst\/\">judiciaire<\/a> de Tanger ont interpell\u00e9, jeudi soir, sur la base de renseignements fournis par les services de la Direction g\u00e9n\u00e9rale de la Surveillance du Territoire (DGST), un extr\u00e9miste affili\u00e9 au groupe appel\u00e9 \u201cEtat islamique\u201d (EI), natif de Mohammedia et \u00e2g\u00e9 de 28 ans, et ce dans le cadre des efforts des services s\u00e9curitaires visant \u00e0 \u00e9radiquer les menaces terroristes et \u00e0 neutraliser les projets extr\u00e9mistes qui guettent la s\u00e9curit\u00e9 et la stabilit\u00e9 du Royaume.<\/strong><\/h2>\n<p><strong>Dans un <a href=\"https:\/\/le12.ma\/fr\/tanger-demantelement-dune-cellule-affiliee-a-daech\/\">communiqu\u00e9<\/a>, la DGST indique que les investigations ont \u00e9tabli que le mis en cause avait annonc\u00e9 avoir pr\u00eat\u00e9 all\u00e9geance au pr\u00e9tendu \u00e9mir de l\u2019organisation \u201cDaech\u201d et s\u2019\u00e9tait investi effectivement dans les pr\u00e9paratifs de l\u2019ex\u00e9cution d\u2019un plan terroriste contre une des \u00e9tablissements sensibles \u00e0 Tanger, \u00e0 travers un acte destructeur selon le mode op\u00e9ratoire terroriste adopt\u00e9 par les combattants de \u201cDaech\u201d.<\/strong><\/p>\n<p><strong>Le mis en cause a \u00e9t\u00e9 plac\u00e9 en garde \u00e0 vue pour approfondir l\u2019enqu\u00eate men\u00e9e par le Bureau central d\u2019investigation judiciaire sous la supervision du parquet g\u00e9n\u00e9ral en charge des affaires de terrorisme en vue d\u2019identifier toutes les cibles vis\u00e9es par le pr\u00e9venu et de pr\u00e9ciser ses liens avec d\u2019\u00e9ventuels complices, conclut-on.<\/strong><\/p>\n","protected":false},"excerpt":{"rendered":"<p>Les \u00e9l\u00e9ments de la police judiciaire de Tanger ont interpell\u00e9, jeudi soir, sur la base de renseignements fournis par les services de la Direction g\u00e9n\u00e9rale de la Surveillance du Territoire (DGST), un extr\u00e9miste affili\u00e9 au groupe appel\u00e9 \u201cEtat islamique\u201d (EI), natif de Mohammedia et \u00e2g\u00e9 de 28 ans, et ce dans le cadre des efforts [&hellip;]<\/p>\n","protected":false},"author":2,"featured_media":32700,"comment_status":"open","ping_status":"open","sticky":false,"template":"","format":"standard","meta":[],"categories":[9268,54,24],"tags":[9075,10430],"yst_prominent_words":[3242,5175,2928,1283,409,656,1505],"jetpack_featured_media_url":"https:\/\/le12.ma\/fr\/wp-content\/uploads\/2023\/06\/daech.jpg","_links":{"self":[{"href":"https:\/\/le12.ma\/fr\/wp-json\/wp\/v2\/posts\/32699"}],"collection":[{"href":"https:\/\/le12.ma\/fr\/wp-json\/wp\/v2\/posts"}],"about":[{"href":"https:\/\/le12.ma\/fr\/wp-json\/wp\/v2\/types\/post"}],"author":[{"embeddable":true,"href":"https:\/\/le12.ma\/fr\/wp-json\/wp\/v2\/users\/2"}],"replies":[{"embeddable":true,"href":"https:\/\/le12.ma\/fr\/wp-json\/wp\/v2\/comments?post=32699"}],"version-history":[{"count":1,"href":"https:\/\/le12.ma\/fr\/wp-json\/wp\/v2\/posts\/32699\/revisions"}],"predecessor-version":[{"id":32701,"href":"https:\/\/le12.ma\/fr\/wp-json\/wp\/v2\/posts\/32699\/revisions\/32701"}],"wp:featuredmedia":[{"embeddable":true,"href":"https:\/\/le12.ma\/fr\/wp-json\/wp\/v2\/media\/32700"}],"wp:attachment":[{"href":"https:\/\/le12.ma\/fr\/wp-json\/wp\/v2\/media?parent=32699"}],"wp:term":[{"taxonomy":"category","embeddable":true,"href":"https:\/\/le12.ma\/fr\/wp-json\/wp\/v2\/categories?post=32699"},{"taxonomy":"post_tag","embeddable":true,"href":"https:\/\/le12.ma\/fr\/wp-json\/wp\/v2\/tags?post=32699"},{"taxonomy":"yst_prominent_words","embeddable":true,"href":"https:\/\/le12.ma\/fr\/wp-json\/wp\/v2\/yst_prominent_words?post=32699"}],"curies":[{"name":"wp","href":"https:\/\/api.w.org\/{rel}","templated":true}]}}