{"id":32693,"date":"2023-06-02T10:39:41","date_gmt":"2023-06-02T09:39:41","guid":{"rendered":"https:\/\/le12.ma\/fr\/?p=32693"},"modified":"2023-06-02T10:39:41","modified_gmt":"2023-06-02T09:39:41","slug":"lamazighe-au-primaire-4-millions-deleves-cibles-a-lhorizon-2030","status":"publish","type":"post","link":"https:\/\/le12.ma\/fr\/lamazighe-au-primaire-4-millions-deleves-cibles-a-lhorizon-2030\/","title":{"rendered":"L\u2019amazighe au primaire : 4 millions d\u2019\u00e9l\u00e8ves cibl\u00e9s \u00e0 l\u2019horizon 2030"},"content":{"rendered":"<h2><strong>L\u2019enseignement de la langue amazighe profitera \u00e0 quelque 4 millions d\u2019\u00e9l\u00e8ves au sein de 12.000 \u00e9tablissements d\u2019enseignement primaire, \u00e0 l\u2019horizon 2030, a indiqu\u00e9, jeudi \u00e0 Rabat, le ministre de <a href=\"https:\/\/www.mapexpress.ma\/actualite\/activite-gouvernementale\/enseignement-lamazighe-au-primaire-4-millions-deleves-cibles-lhorizon-2030-m-benmoussa\/\">l\u2019\u00c9ducation<\/a> nationale, du pr\u00e9scolaire et des sports, Chakib Benmoussa.<\/strong><\/h2>\n<p><strong>Une feuille de route a \u00e9t\u00e9 \u00e9tablie concernant la <a href=\"https:\/\/le12.ma\/fr\/integration-de-lamazighe-dans-les-travaux-de-la-chambre-des-conseillers\/\">g\u00e9n\u00e9ralisation<\/a> de l\u2019enseignement de la langue amazighe, a fait savoir M. Benmoussa en r\u00e9ponse \u00e0 des journalistes lors d\u2019un point de presse \u00e0 l\u2019issue du Conseil de gouvernement, indiquant que l\u2019amazighe est actuellement enseign\u00e9e dans 1.660 \u00e9tablissements d\u2019enseignement primaire, soit un total de 330.000 \u00e9l\u00e8ves.<\/strong><\/p>\n<p><strong>L\u2019\u00e9largissement du r\u00e9seau des \u00e9tablissements dans lesquels l\u2019amazigh est enseign\u00e9 n\u00e9cessite une augmentation du nombre d\u2019enseignants sp\u00e9cialis\u00e9s et d\u2019enseignants bilingues et ce, \u00e0 partir de la prochaine rentr\u00e9e scolaire, a-t-il soutenu, faisant savoir que le nombre de ces enseignants sp\u00e9cialis\u00e9s est pass\u00e9 de 200 \u00e0 400 chaque ann\u00e9e, outre le recrutement de 1.500 \u00e0 2.000 enseignants bilingues annuellement.<\/strong><\/p>\n<p><strong>Ces donn\u00e9es permettront d\u2019atteindre ces objectifs chiffr\u00e9s et mesurables, a relev\u00e9 M. Benmoussa, ajoutant que le minist\u00e8re entamera d\u00e8s la prochaine rentr\u00e9e scolaire l\u2019\u00e9largissement progressif de l\u2019enseignement de la langue amazighe au primaire en vue de sa g\u00e9n\u00e9ralisation \u00e0 tous les \u00e9tablissements du primaire d\u2019ici \u00e0 2029-2030.<\/strong><\/p>\n<p><strong>Cette g\u00e9n\u00e9ralisation de l\u2019enseignement de la langue amazighe dans le primaire s\u2019inscrit dans le cadre des dispositions de la Constitution, notamment l\u2019article 5 qui stipule que l\u2019Amazighe constitue une langue officielle de l\u2019\u00c9tat, ainsi que dans le sillage de l\u2019int\u00e9r\u00eat port\u00e9 par SM le Roi Mohammed VI \u00e0 l\u2019Amazighe en tant que composante essentielle de l\u2019identit\u00e9 marocaine authentique, riche par la pluralit\u00e9 de ses affluents, et patrimoine commun \u00e0 tous les Marocains.<\/strong><\/p>\n<p><strong>Ce chantier s\u2019inscrit \u00e9galement dans le cadre des dispositions des textes l\u00e9gislatifs relatifs \u00e0 la mie en \u0153uvre du caract\u00e8re officiel de la langue amazighe et des dispositions de la loi-cadre n\u00b0 51.17, et dans la mise en \u0153uvre des objectifs de la feuille de route gouvernementale 2022-2026.<\/strong><\/p>\n","protected":false},"excerpt":{"rendered":"<p>L\u2019enseignement de la langue amazighe profitera \u00e0 quelque 4 millions d\u2019\u00e9l\u00e8ves au sein de 12.000 \u00e9tablissements d\u2019enseignement primaire, \u00e0 l\u2019horizon 2030, a indiqu\u00e9, jeudi \u00e0 Rabat, le ministre de l\u2019\u00c9ducation nationale, du pr\u00e9scolaire et des sports, Chakib Benmoussa. Une feuille de route a \u00e9t\u00e9 \u00e9tablie concernant la g\u00e9n\u00e9ralisation de l\u2019enseignement de la langue amazighe, a [&hellip;]<\/p>\n","protected":false},"author":2,"featured_media":32694,"comment_status":"open","ping_status":"open","sticky":false,"template":"","format":"standard","meta":[],"categories":[31,9268,54],"tags":[8412,11073],"yst_prominent_words":[584,2553,2761,1763,351,4185,3795,3210],"jetpack_featured_media_url":"https:\/\/le12.ma\/fr\/wp-content\/uploads\/2023\/06\/Enseignement-amazigh-1024x687-1.jpg","_links":{"self":[{"href":"https:\/\/le12.ma\/fr\/wp-json\/wp\/v2\/posts\/32693"}],"collection":[{"href":"https:\/\/le12.ma\/fr\/wp-json\/wp\/v2\/posts"}],"about":[{"href":"https:\/\/le12.ma\/fr\/wp-json\/wp\/v2\/types\/post"}],"author":[{"embeddable":true,"href":"https:\/\/le12.ma\/fr\/wp-json\/wp\/v2\/users\/2"}],"replies":[{"embeddable":true,"href":"https:\/\/le12.ma\/fr\/wp-json\/wp\/v2\/comments?post=32693"}],"version-history":[{"count":1,"href":"https:\/\/le12.ma\/fr\/wp-json\/wp\/v2\/posts\/32693\/revisions"}],"predecessor-version":[{"id":32695,"href":"https:\/\/le12.ma\/fr\/wp-json\/wp\/v2\/posts\/32693\/revisions\/32695"}],"wp:featuredmedia":[{"embeddable":true,"href":"https:\/\/le12.ma\/fr\/wp-json\/wp\/v2\/media\/32694"}],"wp:attachment":[{"href":"https:\/\/le12.ma\/fr\/wp-json\/wp\/v2\/media?parent=32693"}],"wp:term":[{"taxonomy":"category","embeddable":true,"href":"https:\/\/le12.ma\/fr\/wp-json\/wp\/v2\/categories?post=32693"},{"taxonomy":"post_tag","embeddable":true,"href":"https:\/\/le12.ma\/fr\/wp-json\/wp\/v2\/tags?post=32693"},{"taxonomy":"yst_prominent_words","embeddable":true,"href":"https:\/\/le12.ma\/fr\/wp-json\/wp\/v2\/yst_prominent_words?post=32693"}],"curies":[{"name":"wp","href":"https:\/\/api.w.org\/{rel}","templated":true}]}}