{"id":32681,"date":"2023-06-02T10:02:59","date_gmt":"2023-06-02T09:02:59","guid":{"rendered":"https:\/\/le12.ma\/fr\/?p=32681"},"modified":"2023-06-02T10:02:59","modified_gmt":"2023-06-02T09:02:59","slug":"tetouan-une-femme-et-son-frere-interpelles-pour-leur-implication-presumee-dans-un-homicide-volontaire","status":"publish","type":"post","link":"https:\/\/le12.ma\/fr\/tetouan-une-femme-et-son-frere-interpelles-pour-leur-implication-presumee-dans-un-homicide-volontaire\/","title":{"rendered":"T\u00e9touan: Une femme et son fr\u00e8re interpell\u00e9s pour leur implication pr\u00e9sum\u00e9e dans un homicide volontaire"},"content":{"rendered":"<h2><strong>Les \u00e9l\u00e9ments du service pr\u00e9fectoral de la police <a href=\"https:\/\/www.mapexpress.ma\/actualite\/societe-et-regions\/tetouan-femme-frere-interpelles-implication-presumee-homicide-volontaire\/\">judiciaire<\/a> de T\u00e9touan ont interpell\u00e9, mercredi, une femme et son fr\u00e8re pour leur implication pr\u00e9sum\u00e9e dans un homicide volontaire contre l\u2019\u00e9poux et la dissimulation des preuves dans une affaire remontant \u00e0 2012.<\/strong><\/h2>\n<p><strong>Selon les donn\u00e9es pr\u00e9liminaires de <a href=\"https:\/\/le12.ma\/fr\/rabat-interpellation-dun-individu-pour-son-implication-presumee-dans-un-homicide-volontaire-sur-le-sol-francais-source-securitaire\/\">l\u2019enqu\u00eate<\/a>, la mise en cause est soup\u00e7onn\u00e9e d\u2019avoir tu\u00e9 son mari en 2012, avec la complicit\u00e9 de son fr\u00e8re, et de l\u2019avoir enterr\u00e9 dans le garage de la maison, avant de pr\u00e9senter un avis de recherche au nom de la famille sous pr\u00e9texte que la victime a disparu dans des circonstances inconnues, dans une tentative de brouiller les pistes de l\u2019enqu\u00eate, indique une source s\u00e9curitaire.<\/strong><\/p>\n<p><strong>Les recherches et investigations pr\u00e9liminaires ont abouti \u00e0 l\u2019interpellation de l\u2019\u00e9pouse en tant que principale suspecte, et de localiser les restes de la d\u00e9pouille de la victime qui ont \u00e9t\u00e9 exhum\u00e9s du garage de son domicile \u00e0 Martil, pr\u00e9cise-t-on.<\/strong><\/p>\n<p><strong>La pr\u00e9venue et son fr\u00e8re ont \u00e9t\u00e9 plac\u00e9s en garde \u00e0 vue \u00e0 la disposition de l\u2019enqu\u00eate men\u00e9e sous la supervision du parquet comp\u00e9tent afin d\u2019\u00e9tablir le degr\u00e9 d\u2019implication de chacun d\u2019eux dans ce crime et d\u2019interpeller toute personne ayant contribu\u00e9 \u00e0 ces actes criminels.<\/strong><\/p>\n","protected":false},"excerpt":{"rendered":"<p>Les \u00e9l\u00e9ments du service pr\u00e9fectoral de la police judiciaire de T\u00e9touan ont interpell\u00e9, mercredi, une femme et son fr\u00e8re pour leur implication pr\u00e9sum\u00e9e dans un homicide volontaire contre l\u2019\u00e9poux et la dissimulation des preuves dans une affaire remontant \u00e0 2012. Selon les donn\u00e9es pr\u00e9liminaires de l\u2019enqu\u00eate, la mise en cause est soup\u00e7onn\u00e9e d\u2019avoir tu\u00e9 son [&hellip;]<\/p>\n","protected":false},"author":2,"featured_media":32682,"comment_status":"open","ping_status":"open","sticky":false,"template":"","format":"standard","meta":[],"categories":[28,9268,54],"tags":[7371],"yst_prominent_words":[2010,1676,1673],"jetpack_featured_media_url":"https:\/\/le12.ma\/fr\/wp-content\/uploads\/2023\/06\/police-maroc-arrestation.jpg","_links":{"self":[{"href":"https:\/\/le12.ma\/fr\/wp-json\/wp\/v2\/posts\/32681"}],"collection":[{"href":"https:\/\/le12.ma\/fr\/wp-json\/wp\/v2\/posts"}],"about":[{"href":"https:\/\/le12.ma\/fr\/wp-json\/wp\/v2\/types\/post"}],"author":[{"embeddable":true,"href":"https:\/\/le12.ma\/fr\/wp-json\/wp\/v2\/users\/2"}],"replies":[{"embeddable":true,"href":"https:\/\/le12.ma\/fr\/wp-json\/wp\/v2\/comments?post=32681"}],"version-history":[{"count":1,"href":"https:\/\/le12.ma\/fr\/wp-json\/wp\/v2\/posts\/32681\/revisions"}],"predecessor-version":[{"id":32683,"href":"https:\/\/le12.ma\/fr\/wp-json\/wp\/v2\/posts\/32681\/revisions\/32683"}],"wp:featuredmedia":[{"embeddable":true,"href":"https:\/\/le12.ma\/fr\/wp-json\/wp\/v2\/media\/32682"}],"wp:attachment":[{"href":"https:\/\/le12.ma\/fr\/wp-json\/wp\/v2\/media?parent=32681"}],"wp:term":[{"taxonomy":"category","embeddable":true,"href":"https:\/\/le12.ma\/fr\/wp-json\/wp\/v2\/categories?post=32681"},{"taxonomy":"post_tag","embeddable":true,"href":"https:\/\/le12.ma\/fr\/wp-json\/wp\/v2\/tags?post=32681"},{"taxonomy":"yst_prominent_words","embeddable":true,"href":"https:\/\/le12.ma\/fr\/wp-json\/wp\/v2\/yst_prominent_words?post=32681"}],"curies":[{"name":"wp","href":"https:\/\/api.w.org\/{rel}","templated":true}]}}