{"id":32654,"date":"2023-06-01T11:35:08","date_gmt":"2023-06-01T10:35:08","guid":{"rendered":"https:\/\/le12.ma\/fr\/?p=32654"},"modified":"2023-06-01T11:35:08","modified_gmt":"2023-06-01T10:35:08","slug":"siel-2023-une-programmation-riche-et-variee-de-linsap","status":"publish","type":"post","link":"https:\/\/le12.ma\/fr\/siel-2023-une-programmation-riche-et-variee-de-linsap\/","title":{"rendered":"SIEL 2023: une programmation riche et vari\u00e9e de l\u2019INSAP"},"content":{"rendered":"<h2><strong>L\u2019Institut national des sciences de <a href=\"https:\/\/www.mapexpress.ma\/actualite\/culture-et-medias\/siel-2023-programmation-riche-variee-linsap\/\">l\u2019arch\u00e9ologie<\/a> et du patrimoine (INSAP) participe \u00e0 la 28\u00e8me \u00e9dition du Salon international de l\u2019\u00e9dition et du livre (SIEL) de Rabat, organis\u00e9e du 01 au 11 juin 2023, avec un programme riche et vari\u00e9 comprenant la pr\u00e9sentation des publications, des conf\u00e9rences th\u00e9matiques et des activit\u00e9s au profit des enfants.<\/strong><\/h2>\n<p><strong>A travers son stand, l\u2019INSAP pr\u00e9sentera ses publications dans les <a href=\"https:\/\/le12.ma\/fr\/siel-ouverture-du-27e-salon-international-de-ledition-et-du-livre\/\">collections<\/a>, \u201cBulletin d\u2019arch\u00e9ologie marocaine\u201d (BAM), \u201cVilles et sites arch\u00e9ologiques du Maroc\u201d (VESAM) et \u201c\u00c9tudes et travaux d\u2019arch\u00e9ologie marocaine\u201d (ETAM), indique un communiqu\u00e9 conjoint du D\u00e9partement de la Culture relevant du minist\u00e8re de la Jeunesse, de la Culture et de la Communication et l\u2019INSAP.<\/strong><\/p>\n<p><strong>Ces recherches anthropologiques sont consacr\u00e9es aux \u00e9tudes et recherches arch\u00e9ologiques et anthropologiques effectu\u00e9es dans diff\u00e9rents sites et territoires du Royaume du Maroc depuis 1956, note le communiqu\u00e9.<\/strong><\/p>\n<p><strong>En plus de l\u2019exposition de ces publications scientifiques au stand de l\u2019INSAP, ajoute la m\u00eame source, un documentaire sur les fouilles arch\u00e9ologiques y sera diffus\u00e9, outre l\u2019exposition des r\u00e9pliques de d\u00e9couvertes de port\u00e9e mondiale en l\u2019occurrence les restes fossiles de l\u2019homme d\u2019Irhoud et la parure de Bizmoune.<\/strong><\/p>\n<p><strong>De m\u00eame, une table ronde sur les offres de formation du minist\u00e8re de la Jeunesse, de la Culture et de la Communication est pr\u00e9vue avec la participation du directeur de l\u2019INSAP, Abdeljalil Bouzouggar.<\/strong><\/p>\n<p><strong>Par ailleurs, des professeurs de cet Institut contribueront \u00e0 des conf\u00e9rences sur des th\u00e9matiques objet de recherches de terrain telles que \u201cla pr\u00e9sence juive au Maroc \u00e0 travers les recherches arch\u00e9ologiques\u201d (Pr Saghir Mabrouk), \u201cguiliz : recherches pluridisciplinaires sur les origines des Almohades\u201d (Pr Ahmed Salih Ettahiri) et \u201cMatrimoine \u00e0 port\u00e9e mat\u00e9rielle et immat\u00e9rielle : des tisserandes marocaines\u201d (Pr Naima Chikhaoui).<\/strong><\/p>\n<p><strong>Les enfants auront un entretien avec un arch\u00e9ologue dans le cadre des \u201cRendez- vous avec Oulad Bladi\u201d, poursuit le communiqu\u00e9, notant que le pavillon d\u2019enfants \u00e9tabli \u00e0 l\u2019entr\u00e9e du SIEL sera marqu\u00e9 par l\u2019exposition d\u2019une frise sur le patrimoine \u00e0 travers des vestiges de diff\u00e9rentes p\u00e9riodes et des monuments phares du patrimoine d\u2019hier et d\u2019aujourd\u2019hui pour mettre le lien entre le pass\u00e9 glorieux de notre civilisation et la valeur exceptionnelle de b\u00e2timents d\u2019aujourd\u2019hui qui feront le patrimoine de demain.<\/strong><\/p>\n","protected":false},"excerpt":{"rendered":"<p>L\u2019Institut national des sciences de l\u2019arch\u00e9ologie et du patrimoine (INSAP) participe \u00e0 la 28\u00e8me \u00e9dition du Salon international de l\u2019\u00e9dition et du livre (SIEL) de Rabat, organis\u00e9e du 01 au 11 juin 2023, avec un programme riche et vari\u00e9 comprenant la pr\u00e9sentation des publications, des conf\u00e9rences th\u00e9matiques et des activit\u00e9s au profit des enfants. A [&hellip;]<\/p>\n","protected":false},"author":2,"featured_media":32655,"comment_status":"open","ping_status":"open","sticky":false,"template":"","format":"standard","meta":[],"categories":[31,9268,54],"tags":[11068,9550],"yst_prominent_words":[145,583,910,2852,69,255,2930],"jetpack_featured_media_url":"https:\/\/le12.ma\/fr\/wp-content\/uploads\/2023\/06\/siel.jpg","_links":{"self":[{"href":"https:\/\/le12.ma\/fr\/wp-json\/wp\/v2\/posts\/32654"}],"collection":[{"href":"https:\/\/le12.ma\/fr\/wp-json\/wp\/v2\/posts"}],"about":[{"href":"https:\/\/le12.ma\/fr\/wp-json\/wp\/v2\/types\/post"}],"author":[{"embeddable":true,"href":"https:\/\/le12.ma\/fr\/wp-json\/wp\/v2\/users\/2"}],"replies":[{"embeddable":true,"href":"https:\/\/le12.ma\/fr\/wp-json\/wp\/v2\/comments?post=32654"}],"version-history":[{"count":1,"href":"https:\/\/le12.ma\/fr\/wp-json\/wp\/v2\/posts\/32654\/revisions"}],"predecessor-version":[{"id":32656,"href":"https:\/\/le12.ma\/fr\/wp-json\/wp\/v2\/posts\/32654\/revisions\/32656"}],"wp:featuredmedia":[{"embeddable":true,"href":"https:\/\/le12.ma\/fr\/wp-json\/wp\/v2\/media\/32655"}],"wp:attachment":[{"href":"https:\/\/le12.ma\/fr\/wp-json\/wp\/v2\/media?parent=32654"}],"wp:term":[{"taxonomy":"category","embeddable":true,"href":"https:\/\/le12.ma\/fr\/wp-json\/wp\/v2\/categories?post=32654"},{"taxonomy":"post_tag","embeddable":true,"href":"https:\/\/le12.ma\/fr\/wp-json\/wp\/v2\/tags?post=32654"},{"taxonomy":"yst_prominent_words","embeddable":true,"href":"https:\/\/le12.ma\/fr\/wp-json\/wp\/v2\/yst_prominent_words?post=32654"}],"curies":[{"name":"wp","href":"https:\/\/api.w.org\/{rel}","templated":true}]}}