{"id":32499,"date":"2023-05-29T10:03:19","date_gmt":"2023-05-29T09:03:19","guid":{"rendered":"https:\/\/le12.ma\/fr\/?p=32499"},"modified":"2023-05-29T10:03:19","modified_gmt":"2023-05-29T09:03:19","slug":"tanger-demantelement-dune-cellule-affiliee-a-daech","status":"publish","type":"post","link":"https:\/\/le12.ma\/fr\/tanger-demantelement-dune-cellule-affiliee-a-daech\/","title":{"rendered":"Tanger: D\u00e9mant\u00e8lement d&rsquo;une cellule affili\u00e9e \u00e0 Daech"},"content":{"rendered":"<h2><strong>Le Bureau Central d\u2019Investigations <a href=\"https:\/\/www.mapexpress.ma\/actualite\/societe-et-regions\/tanger-demantelement-dune-cellule-affiliee-daech-sappretait-executer-projets-terroristes-visant-securite-stabilite-du-royaume-bcij\/\">Judiciaires<\/a> (BCIJ), sur la base de renseignements fournis par les services de la Direction G\u00e9n\u00e9rale de la Surveillance du Territoire national (DGST), est parvenu, lundi matin, \u00e0 d\u00e9manteler une cellule terroriste affili\u00e9e \u00e0 l\u2019organisation \u00abDaech\u00bb, s\u2019activant dans la ville de Tanger et ce dans le cadre des efforts continus visant \u00e0 \u00e9radiquer les dangers des menaces terroristes.<\/strong><\/h2>\n<p><strong>Ladite cellule, compos\u00e9e de trois personnes \u00e2g\u00e9es entre 31 et 40 ans, s\u2019appr\u00eatait \u00e0 ex\u00e9cuter des projets terroristes dangereux visant \u00e0 porter atteinte \u00e0 la s\u00e9curit\u00e9 et \u00e0 la stabilit\u00e9 du Royaume, indique un communiqu\u00e9 du BCIJ.<\/strong><\/p>\n<p><strong>Selon les premiers \u00e9l\u00e9ments de <a href=\"https:\/\/le12.ma\/fr\/bcij-arrestation-de-13-individus-affilies-a-daech\/\">l\u2019enqu\u00eate<\/a>, les pr\u00e9venus avaient pr\u00eat\u00e9 all\u00e9geance \u00e0 l\u2019\u00e9mir pr\u00e9tendu de l\u2019organisation Daech et s\u2019appr\u00eataient \u00e0 ex\u00e9cuter des projets destructeurs visant des installations vitales et s\u00e9curitaires, apr\u00e8s s\u2019\u00eatre impliqu\u00e9s concr\u00e8tement dans la pr\u00e9paration mat\u00e9rielle de leurs projets \u00e0 travers la d\u00e9termination des cibles et l\u2019acquisition d\u2019informations sur la confection d\u2019explosifs.<\/strong><\/p>\n<p><strong>L\u2019enqu\u00eate a r\u00e9v\u00e9l\u00e9 que les mis en cause ont tent\u00e9 de tisser des liens avec d\u2019autres \u00e9l\u00e9ments terroristes s\u2019activant hors du Royaume \u00e0 l\u2019effet de coordonner avec eux pour rejoindre une des sections de l\u2019organisation Daech, particuli\u00e8rement dans la r\u00e9gion du Sahel et du Sahara, imm\u00e9diatement apr\u00e8s l\u2019ex\u00e9cution des plans terroristes qu\u2019ils comptaient perp\u00e9trer dans le Royaume, ajoute la m\u00eame source.<\/strong><\/p>\n<p><strong>Les mis en cause ont \u00e9t\u00e9 plac\u00e9s en garde \u00e0 vue pour approfondir l\u2019enqu\u00eate judiciaire men\u00e9e sous la supervision du parquet comp\u00e9tent charg\u00e9 des affaires du terrorisme, dans le but de d\u00e9terminer tous les projets terroristes ainsi que les ramifications et les liens \u00e9ventuels de cette cellule qui d\u00e9montre, encore une fois, la prolif\u00e9ration des dangers terroristes qui guettent le Royaume, face \u00e0 l\u2019acharnement de ceux impr\u00e9gn\u00e9s des th\u00e8ses extr\u00e9mistes \u00e0 r\u00e9pondre aux appels subversifs \u00e9manant de l\u2019organisation terroriste Daech.<\/strong><\/p>\n","protected":false},"excerpt":{"rendered":"<p>Le Bureau Central d\u2019Investigations Judiciaires (BCIJ), sur la base de renseignements fournis par les services de la Direction G\u00e9n\u00e9rale de la Surveillance du Territoire national (DGST), est parvenu, lundi matin, \u00e0 d\u00e9manteler une cellule terroriste affili\u00e9e \u00e0 l\u2019organisation \u00abDaech\u00bb, s\u2019activant dans la ville de Tanger et ce dans le cadre des efforts continus visant \u00e0 [&hellip;]<\/p>\n","protected":false},"author":2,"featured_media":32500,"comment_status":"open","ping_status":"open","sticky":false,"template":"","format":"standard","meta":[],"categories":[26,54,24],"tags":[7025],"yst_prominent_words":[3242,654,2927,1676,341,620,3661,157,656,652,3282],"jetpack_featured_media_url":"https:\/\/le12.ma\/fr\/wp-content\/uploads\/2023\/05\/daech.jpeg","_links":{"self":[{"href":"https:\/\/le12.ma\/fr\/wp-json\/wp\/v2\/posts\/32499"}],"collection":[{"href":"https:\/\/le12.ma\/fr\/wp-json\/wp\/v2\/posts"}],"about":[{"href":"https:\/\/le12.ma\/fr\/wp-json\/wp\/v2\/types\/post"}],"author":[{"embeddable":true,"href":"https:\/\/le12.ma\/fr\/wp-json\/wp\/v2\/users\/2"}],"replies":[{"embeddable":true,"href":"https:\/\/le12.ma\/fr\/wp-json\/wp\/v2\/comments?post=32499"}],"version-history":[{"count":1,"href":"https:\/\/le12.ma\/fr\/wp-json\/wp\/v2\/posts\/32499\/revisions"}],"predecessor-version":[{"id":32501,"href":"https:\/\/le12.ma\/fr\/wp-json\/wp\/v2\/posts\/32499\/revisions\/32501"}],"wp:featuredmedia":[{"embeddable":true,"href":"https:\/\/le12.ma\/fr\/wp-json\/wp\/v2\/media\/32500"}],"wp:attachment":[{"href":"https:\/\/le12.ma\/fr\/wp-json\/wp\/v2\/media?parent=32499"}],"wp:term":[{"taxonomy":"category","embeddable":true,"href":"https:\/\/le12.ma\/fr\/wp-json\/wp\/v2\/categories?post=32499"},{"taxonomy":"post_tag","embeddable":true,"href":"https:\/\/le12.ma\/fr\/wp-json\/wp\/v2\/tags?post=32499"},{"taxonomy":"yst_prominent_words","embeddable":true,"href":"https:\/\/le12.ma\/fr\/wp-json\/wp\/v2\/yst_prominent_words?post=32499"}],"curies":[{"name":"wp","href":"https:\/\/api.w.org\/{rel}","templated":true}]}}