{"id":32459,"date":"2023-05-27T10:27:44","date_gmt":"2023-05-27T09:27:44","guid":{"rendered":"https:\/\/le12.ma\/fr\/?p=32459"},"modified":"2023-05-27T10:27:44","modified_gmt":"2023-05-27T09:27:44","slug":"76e-festival-de-cannes-les-films-marocains-les-meutes-et-kadib-abyad-primes","status":"publish","type":"post","link":"https:\/\/le12.ma\/fr\/76e-festival-de-cannes-les-films-marocains-les-meutes-et-kadib-abyad-primes\/","title":{"rendered":"76\u00e8 Festival de Cannes: Les films marocains \u201cLes Meutes\u201d et \u201cKadib Abyad\u201d prim\u00e9s"},"content":{"rendered":"<h2><strong>\u201cLes Meutes\u201d, premier long-m\u00e9trage du r\u00e9alisateur marocain, Kamal Lazraq, et \u201cKadib Abyad\u201d (La m\u00e8re de tous les mensonges) de sa compatriote Asmae El Moudir ont remport\u00e9 respectivement le Prix du jury et le Prix de la mise en sc\u00e8ne de la section \u201cUn Certain Regard\u201d, de la <a href=\"https:\/\/www.mapexpress.ma\/actualite\/culture-et-medias\/76e-festival-cannes-les-films-marocains-les-meutes-kadib-abyad-primes\/\">s\u00e9lection<\/a> officielle de la 76\u00e8me \u00e9dition du Festival de Cannes.<\/strong><\/h2>\n<p><strong>Les prix ont \u00e9t\u00e9 remis aux laur\u00e9ats lors d\u2019une <a href=\"https:\/\/le12.ma\/fr\/maroc-israel-examen-des-moyens-de-renforcer-la-cooperation-dans-le-domaine-cinematographique\/\">c\u00e9r\u00e9monie<\/a> organis\u00e9e vendredi. \u201cLe R\u00e8gne animal\u201d de Thomas Cailley a \u00e9t\u00e9 projet\u00e9 en ouverture cette ann\u00e9e de cette section, qui s\u2019est achev\u00e9 en beaut\u00e9 par la projection du film \u201cUne nuit\u201d d\u2019Alex Lutz.<\/strong><\/p>\n","protected":false},"excerpt":{"rendered":"<p>\u201cLes Meutes\u201d, premier long-m\u00e9trage du r\u00e9alisateur marocain, Kamal Lazraq, et \u201cKadib Abyad\u201d (La m\u00e8re de tous les mensonges) de sa compatriote Asmae El Moudir ont remport\u00e9 respectivement le Prix du jury et le Prix de la mise en sc\u00e8ne de la section \u201cUn Certain Regard\u201d, de la s\u00e9lection officielle de la 76\u00e8me \u00e9dition du Festival [&hellip;]<\/p>\n","protected":false},"author":2,"featured_media":32461,"comment_status":"open","ping_status":"open","sticky":false,"template":"","format":"standard","meta":[],"categories":[26,31,54],"tags":[11040,9569],"yst_prominent_words":[3369,5043],"jetpack_featured_media_url":"https:\/\/le12.ma\/fr\/wp-content\/uploads\/2023\/05\/1584704070bdcbd03e0d59ba20f741cdf6e8368531_OlfMa77.jpg","_links":{"self":[{"href":"https:\/\/le12.ma\/fr\/wp-json\/wp\/v2\/posts\/32459"}],"collection":[{"href":"https:\/\/le12.ma\/fr\/wp-json\/wp\/v2\/posts"}],"about":[{"href":"https:\/\/le12.ma\/fr\/wp-json\/wp\/v2\/types\/post"}],"author":[{"embeddable":true,"href":"https:\/\/le12.ma\/fr\/wp-json\/wp\/v2\/users\/2"}],"replies":[{"embeddable":true,"href":"https:\/\/le12.ma\/fr\/wp-json\/wp\/v2\/comments?post=32459"}],"version-history":[{"count":1,"href":"https:\/\/le12.ma\/fr\/wp-json\/wp\/v2\/posts\/32459\/revisions"}],"predecessor-version":[{"id":32462,"href":"https:\/\/le12.ma\/fr\/wp-json\/wp\/v2\/posts\/32459\/revisions\/32462"}],"wp:featuredmedia":[{"embeddable":true,"href":"https:\/\/le12.ma\/fr\/wp-json\/wp\/v2\/media\/32461"}],"wp:attachment":[{"href":"https:\/\/le12.ma\/fr\/wp-json\/wp\/v2\/media?parent=32459"}],"wp:term":[{"taxonomy":"category","embeddable":true,"href":"https:\/\/le12.ma\/fr\/wp-json\/wp\/v2\/categories?post=32459"},{"taxonomy":"post_tag","embeddable":true,"href":"https:\/\/le12.ma\/fr\/wp-json\/wp\/v2\/tags?post=32459"},{"taxonomy":"yst_prominent_words","embeddable":true,"href":"https:\/\/le12.ma\/fr\/wp-json\/wp\/v2\/yst_prominent_words?post=32459"}],"curies":[{"name":"wp","href":"https:\/\/api.w.org\/{rel}","templated":true}]}}