{"id":32407,"date":"2023-05-26T12:05:31","date_gmt":"2023-05-26T11:05:31","guid":{"rendered":"https:\/\/le12.ma\/fr\/?p=32407"},"modified":"2023-05-26T12:05:31","modified_gmt":"2023-05-26T11:05:31","slug":"robert-de-niro-se-dit-fascine-par-le-maroc-et-veut-y-tourner-des-films","status":"publish","type":"post","link":"https:\/\/le12.ma\/fr\/robert-de-niro-se-dit-fascine-par-le-maroc-et-veut-y-tourner-des-films\/","title":{"rendered":"Robert de Niro se dit fascin\u00e9 par le Maroc et veut y tourner des films"},"content":{"rendered":"<h2><strong>La star <a href=\"https:\/\/fr.wikipedia.org\/wiki\/Robert_De_Niro\">hollywoodienne<\/a> Robert de Niro s\u2019est dit, jeudi, tr\u00e8s fascin\u00e9 par le charme de Marrakech en particulier et du Maroc en g\u00e9n\u00e9ral, \u201cun grand pays\u201d o\u00f9 il souhaite tourner des films.<\/strong><\/h2>\n<p><strong>\u201cJe ne sais pas quand et comment ce r\u00eave prendra corps et deviendra une r\u00e9alit\u00e9, mais cela peut se faire\u201d, a affirm\u00e9 De Niro (79 ans), l\u2019un des acteurs les plus r\u00e9compens\u00e9s du monde du <a href=\"https:\/\/le12.ma\/fr\/festival-du-film-de-marrakech-les-membres-du-jury-de-la-19-eme-edition-devoiles\/\">cin\u00e9ma <\/a>avec pas moins de 58 prix, dans un entretien accord\u00e9 \u00e0 M24, la chaine t\u00e9l\u00e9vis\u00e9e de l\u2019information en continu de la MAP, en marge de la c\u00e9r\u00e9monie d\u2019inauguration de son tout dernier h\u00f4tel \u201cNobu Hotel Marrakech\u201d.<\/strong><\/p>\n<p><strong>L\u2019acteur, qui dispose d\u2019une filmographie des plus embl\u00e9matiques et riches, a mis en avant, dans ce sens, la position du Maroc en tant que pays d\u2019accueil du cin\u00e9ma mondial.<\/strong><\/p>\n<p><strong>\u201cPlusieurs de mes amis ont tourn\u00e9 leurs films au Maroc. Un grand pays que j\u2019ai d\u00e9couvert au fil des ann\u00e9es et que j\u2019aimerais connaitre encore plus\u201d, a-t-il encha\u00een\u00e9.<\/strong><\/p>\n<p><strong>Se rappelant de sa derni\u00e8re visite dans le Royaume en 2018 pour prendre part au Festival International du Film de Marrakech o\u00f9, il avait re\u00e7u l\u2019Etoile d\u2019Or de ce Rendez-vous incontournable du cin\u00e9ma mondial, en hommage \u00e0 sa carri\u00e8re exceptionnelle d\u2019acteur, la grande de Star de films, tels que \u201cLe Parrain 2\u201d (1974), \u201cTaxi Driver\u201d (1976), \u201cRaging Bull\u201d (1980), \u201cL\u2019\u00e9veil\u201d (1990), \u201cDes Affranchis\u201d (1990), \u201cCasino\u201d (1995) et \u201cHeat\u201d (1995), a relev\u00e9 qu\u2019il a \u201ctellement entendu parler du Maroc par ses amis \u00e9crivains et sc\u00e9naristes\u201d.<\/strong><\/p>\n<p><strong>S\u2019agissant de l\u2019ouverture du Nobu Hotel Marrakech, M. De Niro, qui a \u00e9t\u00e9 accompagn\u00e9 notamment de ses co-associ\u00e9s, le Chef japonais de renomm\u00e9e internationale Nobu Matsuhisa et du R\u00e9alisateur am\u00e9ricain Meir Tepper, a exprim\u00e9 sa fiert\u00e9 et sa joie d\u2019inaugurer le premier h\u00f4tel de la marque au Maroc et en Afrique. \u201cJe suis heureux que nous soyons ici\u201d, a-t-il dit.<\/strong><\/p>\n<p><strong>Disposant d\u2019un parcours cin\u00e9matographique l\u00e9gendaire, De Niro s\u2019est vu adjuger de nombreuses r\u00e9compenses au cours de sa carri\u00e8re, notamment l\u2019Oscar du meilleur acteur dans un second r\u00f4le pour son r\u00f4le de Vito Corleone dans \u201cLe Parrain\u201d, 2e partie (1974) outre l\u2019Oscar du meilleur acteur pour son r\u00f4le de Jake LaMotta dans le drame biographique \u201cRaging Bull\u201d (1980).<\/strong><\/p>\n<p><strong>En r\u00e9compense pour l\u2019ensemble de sa carri\u00e8re reluisante, l\u2019acteur a re\u00e7u notamment un Lion d\u2019Or, le Cecil B. DeMille Award ou encore un Screen Actors Guild Life Achievement Awards.<\/strong><\/p>\n<p><strong>En 2009, il avait re\u00e7u le Kennedy Center Honors, puis en 2016, Barack Obama lui a remis la M\u00e9daille pr\u00e9sidentielle de la Libert\u00e9.<\/strong><\/p>\n","protected":false},"excerpt":{"rendered":"<p>La star hollywoodienne Robert de Niro s\u2019est dit, jeudi, tr\u00e8s fascin\u00e9 par le charme de Marrakech en particulier et du Maroc en g\u00e9n\u00e9ral, \u201cun grand pays\u201d o\u00f9 il souhaite tourner des films. \u201cJe ne sais pas quand et comment ce r\u00eave prendra corps et deviendra une r\u00e9alit\u00e9, mais cela peut se faire\u201d, a affirm\u00e9 De [&hellip;]<\/p>\n","protected":false},"author":2,"featured_media":32408,"comment_status":"open","ping_status":"open","sticky":false,"template":"","format":"standard","meta":[],"categories":[31,54],"tags":[11032,11033],"yst_prominent_words":[1000,456,69,3058,98],"jetpack_featured_media_url":"https:\/\/le12.ma\/fr\/wp-content\/uploads\/2023\/05\/Robert-de-Niro.jpg","_links":{"self":[{"href":"https:\/\/le12.ma\/fr\/wp-json\/wp\/v2\/posts\/32407"}],"collection":[{"href":"https:\/\/le12.ma\/fr\/wp-json\/wp\/v2\/posts"}],"about":[{"href":"https:\/\/le12.ma\/fr\/wp-json\/wp\/v2\/types\/post"}],"author":[{"embeddable":true,"href":"https:\/\/le12.ma\/fr\/wp-json\/wp\/v2\/users\/2"}],"replies":[{"embeddable":true,"href":"https:\/\/le12.ma\/fr\/wp-json\/wp\/v2\/comments?post=32407"}],"version-history":[{"count":1,"href":"https:\/\/le12.ma\/fr\/wp-json\/wp\/v2\/posts\/32407\/revisions"}],"predecessor-version":[{"id":32409,"href":"https:\/\/le12.ma\/fr\/wp-json\/wp\/v2\/posts\/32407\/revisions\/32409"}],"wp:featuredmedia":[{"embeddable":true,"href":"https:\/\/le12.ma\/fr\/wp-json\/wp\/v2\/media\/32408"}],"wp:attachment":[{"href":"https:\/\/le12.ma\/fr\/wp-json\/wp\/v2\/media?parent=32407"}],"wp:term":[{"taxonomy":"category","embeddable":true,"href":"https:\/\/le12.ma\/fr\/wp-json\/wp\/v2\/categories?post=32407"},{"taxonomy":"post_tag","embeddable":true,"href":"https:\/\/le12.ma\/fr\/wp-json\/wp\/v2\/tags?post=32407"},{"taxonomy":"yst_prominent_words","embeddable":true,"href":"https:\/\/le12.ma\/fr\/wp-json\/wp\/v2\/yst_prominent_words?post=32407"}],"curies":[{"name":"wp","href":"https:\/\/api.w.org\/{rel}","templated":true}]}}