{"id":32394,"date":"2023-05-26T10:32:41","date_gmt":"2023-05-26T09:32:41","guid":{"rendered":"https:\/\/le12.ma\/fr\/?p=32394"},"modified":"2023-05-26T10:32:41","modified_gmt":"2023-05-26T09:32:41","slug":"la-dgsn-dement-les-commentaires-dune-video-pretendant-quune-fillette-ait-ete-agressee-par-une-femme-au-maroc","status":"publish","type":"post","link":"https:\/\/le12.ma\/fr\/la-dgsn-dement-les-commentaires-dune-video-pretendant-quune-fillette-ait-ete-agressee-par-une-femme-au-maroc\/","title":{"rendered":"La DGSN d\u00e9ment les commentaires d\u2019une vid\u00e9o pr\u00e9tendant qu\u2019une fillette ait \u00e9t\u00e9 agress\u00e9e par une femme au Maroc"},"content":{"rendered":"<h2><strong>La Direction g\u00e9n\u00e9rale de la s\u00fbret\u00e9 nationale (DGSN) a cat\u00e9goriquement d\u00e9menti, jeudi matin, la v\u00e9racit\u00e9 des commentaires accompagnant une vid\u00e9o relay\u00e9e sur les <a href=\"https:\/\/www.mapexpress.ma\/actualite\/societe-et-regions\/dgsn-dement-les-commentaires-dune-video-pretendant-quune-fillette-ait-ete-agressee-femme-au-maroc\/\">t\u00e9l\u00e9phones<\/a> portables, montrant une femme en train d\u2019exposer une fillette \u00e0 la violence, avec un commentaire pr\u00e9tendant que ces incidents aient eu lieu au Maroc.<\/strong><\/h2>\n<p><strong>La DGSN a cat\u00e9goriquement d\u00e9menti, dans une mise au point, la v\u00e9racit\u00e9 de ces commentaire pr\u00e9tendant que l\u2019incident ait eu lieu au Maroc et demandant de l\u2019aide pour identifier la femme en question.<\/strong><\/p>\n<p><strong>En vue d\u2019\u00e9clairer l\u2019opinion publique <a href=\"https:\/\/le12.ma\/fr\/la-prison-de-loudaya-dement-les-allegations-de-torture-contre-un-de-ses-detenus\/\">nationale<\/a> et r\u00e9futer ces fausses all\u00e9gations, la DGSN affirme que les enqu\u00eates et les investigations techniques men\u00e9es au sujet de cette vid\u00e9o ont montr\u00e9 que l\u2019incident avait \u00e9t\u00e9 film\u00e9 dans un pays d\u2019Am\u00e9rique centrale o\u00f9 il avait fait l\u2019objet d\u2019une large diffusion m\u00e9diatique, notamment apr\u00e8s l\u2019interpellation de la suspecte au cours de mai courant par les services de police.<\/strong><\/p>\n<p><strong>La DGSN veille \u00e0 d\u00e9mentir les faux commentaires qui circulent \u00e0 cet \u00e9gard et r\u00e9it\u00e8re sa d\u00e9termination \u00e0 suivre et \u00e0 contr\u00f4ler tous les contenus violents qui portent atteinte au sentiment de s\u00e9curit\u00e9 des citoyens et citoyennes.<\/strong><\/p>\n","protected":false},"excerpt":{"rendered":"<p>La Direction g\u00e9n\u00e9rale de la s\u00fbret\u00e9 nationale (DGSN) a cat\u00e9goriquement d\u00e9menti, jeudi matin, la v\u00e9racit\u00e9 des commentaires accompagnant une vid\u00e9o relay\u00e9e sur les t\u00e9l\u00e9phones portables, montrant une femme en train d\u2019exposer une fillette \u00e0 la violence, avec un commentaire pr\u00e9tendant que ces incidents aient eu lieu au Maroc. La DGSN a cat\u00e9goriquement d\u00e9menti, dans une [&hellip;]<\/p>\n","protected":false},"author":2,"featured_media":32395,"comment_status":"open","ping_status":"open","sticky":false,"template":"","format":"standard","meta":[],"categories":[9268,54,24],"tags":[7424,6273],"yst_prominent_words":[1375,2416,1692,69,310,5308],"jetpack_featured_media_url":"https:\/\/le12.ma\/fr\/wp-content\/uploads\/2023\/05\/Police2-19-9-17-1.jpg","_links":{"self":[{"href":"https:\/\/le12.ma\/fr\/wp-json\/wp\/v2\/posts\/32394"}],"collection":[{"href":"https:\/\/le12.ma\/fr\/wp-json\/wp\/v2\/posts"}],"about":[{"href":"https:\/\/le12.ma\/fr\/wp-json\/wp\/v2\/types\/post"}],"author":[{"embeddable":true,"href":"https:\/\/le12.ma\/fr\/wp-json\/wp\/v2\/users\/2"}],"replies":[{"embeddable":true,"href":"https:\/\/le12.ma\/fr\/wp-json\/wp\/v2\/comments?post=32394"}],"version-history":[{"count":1,"href":"https:\/\/le12.ma\/fr\/wp-json\/wp\/v2\/posts\/32394\/revisions"}],"predecessor-version":[{"id":32396,"href":"https:\/\/le12.ma\/fr\/wp-json\/wp\/v2\/posts\/32394\/revisions\/32396"}],"wp:featuredmedia":[{"embeddable":true,"href":"https:\/\/le12.ma\/fr\/wp-json\/wp\/v2\/media\/32395"}],"wp:attachment":[{"href":"https:\/\/le12.ma\/fr\/wp-json\/wp\/v2\/media?parent=32394"}],"wp:term":[{"taxonomy":"category","embeddable":true,"href":"https:\/\/le12.ma\/fr\/wp-json\/wp\/v2\/categories?post=32394"},{"taxonomy":"post_tag","embeddable":true,"href":"https:\/\/le12.ma\/fr\/wp-json\/wp\/v2\/tags?post=32394"},{"taxonomy":"yst_prominent_words","embeddable":true,"href":"https:\/\/le12.ma\/fr\/wp-json\/wp\/v2\/yst_prominent_words?post=32394"}],"curies":[{"name":"wp","href":"https:\/\/api.w.org\/{rel}","templated":true}]}}