{"id":32374,"date":"2023-05-25T15:10:16","date_gmt":"2023-05-25T14:10:16","guid":{"rendered":"https:\/\/le12.ma\/fr\/?p=32374"},"modified":"2023-05-25T15:10:16","modified_gmt":"2023-05-25T14:10:16","slug":"la-diversite-de-la-culture-africaine-a-lhonneur-lors-de-la-cloture-de-rabat-capitale-africaine-de-la-culture","status":"publish","type":"post","link":"https:\/\/le12.ma\/fr\/la-diversite-de-la-culture-africaine-a-lhonneur-lors-de-la-cloture-de-rabat-capitale-africaine-de-la-culture\/","title":{"rendered":"La diversit\u00e9 de la culture africaine \u00e0 l\u2019honneur lors de la cl\u00f4ture de \u201cRabat, capitale africaine de la culture\u201d"},"content":{"rendered":"<h2><strong>La ville lumi\u00e8re a vibr\u00e9, le temps d\u2019une soir\u00e9e, aux rythmes et chants de plusieurs styles musicaux, emportant le public rbati dans un voyage musical exceptionnel et une <a href=\"https:\/\/www.mapexpress.ma\/actualite\/culture-et-medias\/diversite-culture-africaine-lhonneur-lors-cloture-rabat-capitale-africaine-culture\/\">exp\u00e9rience<\/a> ludique in\u00e9dite qui m\u00eale diversit\u00e9 et originalit\u00e9, en cl\u00f4ture du programme \u201cRabat, capitale africaine de la culture\u201d.<\/strong><\/h2>\n<p><strong>Les c\u00e9l\u00e9brations, auxquelles ont pris part le Conseiller de SM le Roi, Andr\u00e9 Azoulay et le ministre de la Jeunesse de la Culture et de la Communication, Mehdi Bensaid, ainsi que plusieurs ministres africains de la <a href=\"https:\/\/le12.ma\/fr\/conference-a-rabat-sur-le-patrimoine-urbain-en-afrique\/\">culture<\/a>, ont \u00e9t\u00e9 marqu\u00e9es par un spectacle artistique de drones \u00e0 Chellah et un concert sur la rive du Bouregreg.<\/strong><\/p>\n<p><strong>Ainsi, la jeune chanteuse tang\u00e9roise Abir Elabed a ouvert le bal du Concert international du Bouregreg en compagnie de l\u2019Orchestre Omar Metoui, gratifiant l\u2019assistance d\u2019une prestation qui met \u00e0 l\u2019honneur la musique andalouse et la richesse du patrimoine culturel marocain.<\/strong><\/p>\n<p><strong>Cet \u00e9v\u00e9nement musical a \u00e9galement fait d\u00e9couvrir \u00e0 l\u2019assistance la \u201cmorna\u201d, musique embl\u00e9matique du Cap-Vert et l\u2019un des patrimoines culturels immat\u00e9riels du pays, et ce gr\u00e2ce \u00e0 la prestation admirable de la chanteuse capverdienne Lucibella, \u00e0 la voix gracieuse et singuli\u00e8re.<\/strong><\/p>\n<p><strong>L\u2019artiste marocain Mehdi Nassouli, consid\u00e9r\u00e9 comme la rel\u00e8ve de la tradition gnaouie au Maroc, a, quant \u00e0 lui, offert un spectacle rythm\u00e9 par une musique gnaouie revisit\u00e9e. De son c\u00f4t\u00e9, la chanteuse et compositrice marocaine Manal, a marqu\u00e9 le tempo de cette riche et passionnante soir\u00e9e avec ses chansons les plus connues.<\/strong><\/p>\n<p><strong>Un voyage au S\u00e9n\u00e9gal a \u00e9galement \u00e9t\u00e9 au menu de cette manifestation culturelle avec le groupe \u201cOrchestra Baobab\u201d, qui a charm\u00e9 les rbatis avec des chansons aux rythmes m\u00e9lodieux et entra\u00eenants. Ce groupe, connu pour son m\u00e9lange unique de style, a pr\u00e9sent\u00e9 une prestation unique en c\u00e9l\u00e9bration des musiques africaines.<\/strong><\/p>\n<p><strong>Le rappeur franco-marocain Lartiste et le chanteur nig\u00e9rian de l\u2019Afro-Fusion Lojay, ont \u00e9galement pris part \u00e0 ce spectacle en interpr\u00e9tant en duo une chanson, produite exclusivement \u00e0 l\u2019occasion de la cl\u00f4ture du programme \u201cRabat, capitale africaine de la culture\u201d, qui met en valeur leurs racines africaines.<\/strong><\/p>\n<p><strong>Ce magnifique plateau artistique s\u2019est cl\u00f4tur\u00e9 par la prestation de l\u2019artiste congolais GIMS qui a subjugu\u00e9 le public par son \u00e9nergie d\u00e9bordante et sa prestance sur sc\u00e8ne.<\/strong><\/p>\n<p><strong>Au Chellah, la technologie s\u2019est mise au service de l\u2019histoire. Des drones derniers cris ont retrac\u00e9 la chronologie atypique de ce site embl\u00e9matique le temps d\u2019un spectacle lumineux et in\u00e9dit.<\/strong><\/p>\n<p><strong>Ce ballet a\u00e9rien unique, qui a orn\u00e9 le ciel de la capitale de tableaux \u00e9poustouflants, a \u00e9t\u00e9 organis\u00e9 par le minist\u00e8re de la Jeunesse de la Culture et de la Communication.<\/strong><\/p>\n<p><strong>Cet \u00e9v\u00e9nement, qui se poursuit jusqu\u2019au vendredi au site historique du Chellah, sera l\u2019occasion pour les curieux d\u2019apprendre davantage sur l\u2019histoire de Chellah, l\u2019un des sites arch\u00e9ologiques les plus importants au niveau national.<\/strong><\/p>\n","protected":false},"excerpt":{"rendered":"<p>La ville lumi\u00e8re a vibr\u00e9, le temps d\u2019une soir\u00e9e, aux rythmes et chants de plusieurs styles musicaux, emportant le public rbati dans un voyage musical exceptionnel et une exp\u00e9rience ludique in\u00e9dite qui m\u00eale diversit\u00e9 et originalit\u00e9, en cl\u00f4ture du programme \u201cRabat, capitale africaine de la culture\u201d. Les c\u00e9l\u00e9brations, auxquelles ont pris part le Conseiller de [&hellip;]<\/p>\n","protected":false},"author":2,"featured_media":32376,"comment_status":"open","ping_status":"open","sticky":false,"template":"","format":"standard","meta":[],"categories":[31,54],"tags":[9876,11030,10888],"yst_prominent_words":[1873,583],"jetpack_featured_media_url":"https:\/\/le12.ma\/fr\/wp-content\/uploads\/2023\/05\/SkyElements-Drone-Light-Shows-Logo-250Drones-900x600-1.webp","_links":{"self":[{"href":"https:\/\/le12.ma\/fr\/wp-json\/wp\/v2\/posts\/32374"}],"collection":[{"href":"https:\/\/le12.ma\/fr\/wp-json\/wp\/v2\/posts"}],"about":[{"href":"https:\/\/le12.ma\/fr\/wp-json\/wp\/v2\/types\/post"}],"author":[{"embeddable":true,"href":"https:\/\/le12.ma\/fr\/wp-json\/wp\/v2\/users\/2"}],"replies":[{"embeddable":true,"href":"https:\/\/le12.ma\/fr\/wp-json\/wp\/v2\/comments?post=32374"}],"version-history":[{"count":1,"href":"https:\/\/le12.ma\/fr\/wp-json\/wp\/v2\/posts\/32374\/revisions"}],"predecessor-version":[{"id":32377,"href":"https:\/\/le12.ma\/fr\/wp-json\/wp\/v2\/posts\/32374\/revisions\/32377"}],"wp:featuredmedia":[{"embeddable":true,"href":"https:\/\/le12.ma\/fr\/wp-json\/wp\/v2\/media\/32376"}],"wp:attachment":[{"href":"https:\/\/le12.ma\/fr\/wp-json\/wp\/v2\/media?parent=32374"}],"wp:term":[{"taxonomy":"category","embeddable":true,"href":"https:\/\/le12.ma\/fr\/wp-json\/wp\/v2\/categories?post=32374"},{"taxonomy":"post_tag","embeddable":true,"href":"https:\/\/le12.ma\/fr\/wp-json\/wp\/v2\/tags?post=32374"},{"taxonomy":"yst_prominent_words","embeddable":true,"href":"https:\/\/le12.ma\/fr\/wp-json\/wp\/v2\/yst_prominent_words?post=32374"}],"curies":[{"name":"wp","href":"https:\/\/api.w.org\/{rel}","templated":true}]}}