{"id":32325,"date":"2023-05-24T13:12:29","date_gmt":"2023-05-24T12:12:29","guid":{"rendered":"https:\/\/le12.ma\/fr\/?p=32325"},"modified":"2023-05-24T13:12:29","modified_gmt":"2023-05-24T12:12:29","slug":"la-3eme-edition-de-street-art-inside-du-02-au-24-juin-a-rabat","status":"publish","type":"post","link":"https:\/\/le12.ma\/fr\/la-3eme-edition-de-street-art-inside-du-02-au-24-juin-a-rabat\/","title":{"rendered":"La 3\u00e8me \u00e9dition de \u201cStreet Art Inside\u201d du 02 au 24 juin \u00e0 Rabat"},"content":{"rendered":"<h2><strong>La troisi\u00e8me \u00e9dition de l\u2019exposition \u201cStreet Art Inside\u201d se tiendra du 02 au 24 juin \u00e0 Rabat \u00e0 l\u2019initiative de <a href=\"https:\/\/en.wikipedia.org\/wiki\/Street_art\">l\u2019Association<\/a> \u201cHiba\u201d en partenariat avec le Bureau du Qu\u00e9bec \u00e0 Rabat.<\/strong><\/h2>\n<p><strong>Cette exposition, qui aura lieu dans le laboratoire artistique \u201cHiba Lab\u201d, repr\u00e9sente un espace pour les exp\u00e9riences artistiques et regroupe huit artistes visuels en herbe ainsi que des artistes de rue, dans le but de cr\u00e9er une osmose entre les fresques murales existantes et les toiles ajout\u00e9es, indique un communiqu\u00e9 de l\u2019Association.<\/strong><\/p>\n<p><strong>\u201cL\u2019art de rue investit en 2023 de plus en plus de surfaces int\u00e9rieures, comme les mus\u00e9es, les expositions, les <a href=\"https:\/\/le12.ma\/fr\/art-du-benin-lexposition-au-grand-succes-prolongee-jusquen-juin\/\">biblioth\u00e8ques<\/a>, la d\u00e9coration de caf\u00e9s, de restaurants et de maisons\u201d souligne la m\u00eame source, ajoutant que l\u2019art de rue, de par sa composante contemporaine, repr\u00e9sente un domaine dynamique et en constante \u00e9volution.<\/strong><\/p>\n<p><strong>L\u2019art de rue a connu au niveau national un bond consid\u00e9rable avec l\u2019apparition de festivals d\u00e9di\u00e9s \u00e0 cette forme artistique, poursuit la m\u00eame source, ajoutant que cet \u00e9lan a suscit\u00e9 un int\u00e9r\u00eat grandissant de la communaut\u00e9 artistique et de la population et a permis, par cons\u00e9quent, l\u2019\u00e9closion d\u2019une nouvelle g\u00e9n\u00e9ration d\u2019artistes de graffiti, de peintres et d\u2019artistes de rue.<\/strong><\/p>\n<p><strong>L\u2019Association \u201cHiba\u201d avait, en 2021, invit\u00e9 quatre repr\u00e9sentants de la sc\u00e8ne artistique locale pour peindre le mur de l\u2019escalier de l\u2019Association, rappelle-t-on, relevant que cette initiative avait \u00e9t\u00e9 une v\u00e9ritable r\u00e9ussite lors de la premi\u00e8re \u00e9dition du \u201cStreet Art Inside\u201d. Cette manifestation culturelle avait int\u00e9gr\u00e9 les artistes visuels avec une sensibilit\u00e9 urbaine et exp\u00e9rimentale et ceux qui d\u00e9sirent simplement peindre des murs et exposer leurs \u0153uvres.<\/strong><\/p>\n","protected":false},"excerpt":{"rendered":"<p>La troisi\u00e8me \u00e9dition de l\u2019exposition \u201cStreet Art Inside\u201d se tiendra du 02 au 24 juin \u00e0 Rabat \u00e0 l\u2019initiative de l\u2019Association \u201cHiba\u201d en partenariat avec le Bureau du Qu\u00e9bec \u00e0 Rabat. Cette exposition, qui aura lieu dans le laboratoire artistique \u201cHiba Lab\u201d, repr\u00e9sente un espace pour les exp\u00e9riences artistiques et regroupe huit artistes visuels en [&hellip;]<\/p>\n","protected":false},"author":2,"featured_media":32326,"comment_status":"open","ping_status":"open","sticky":false,"template":"","format":"standard","meta":[],"categories":[31,54],"tags":[7933,11025],"yst_prominent_words":[2849,257,2851,299],"jetpack_featured_media_url":"https:\/\/le12.ma\/fr\/wp-content\/uploads\/2023\/05\/Street-Art-Inside.jpg","_links":{"self":[{"href":"https:\/\/le12.ma\/fr\/wp-json\/wp\/v2\/posts\/32325"}],"collection":[{"href":"https:\/\/le12.ma\/fr\/wp-json\/wp\/v2\/posts"}],"about":[{"href":"https:\/\/le12.ma\/fr\/wp-json\/wp\/v2\/types\/post"}],"author":[{"embeddable":true,"href":"https:\/\/le12.ma\/fr\/wp-json\/wp\/v2\/users\/2"}],"replies":[{"embeddable":true,"href":"https:\/\/le12.ma\/fr\/wp-json\/wp\/v2\/comments?post=32325"}],"version-history":[{"count":1,"href":"https:\/\/le12.ma\/fr\/wp-json\/wp\/v2\/posts\/32325\/revisions"}],"predecessor-version":[{"id":32327,"href":"https:\/\/le12.ma\/fr\/wp-json\/wp\/v2\/posts\/32325\/revisions\/32327"}],"wp:featuredmedia":[{"embeddable":true,"href":"https:\/\/le12.ma\/fr\/wp-json\/wp\/v2\/media\/32326"}],"wp:attachment":[{"href":"https:\/\/le12.ma\/fr\/wp-json\/wp\/v2\/media?parent=32325"}],"wp:term":[{"taxonomy":"category","embeddable":true,"href":"https:\/\/le12.ma\/fr\/wp-json\/wp\/v2\/categories?post=32325"},{"taxonomy":"post_tag","embeddable":true,"href":"https:\/\/le12.ma\/fr\/wp-json\/wp\/v2\/tags?post=32325"},{"taxonomy":"yst_prominent_words","embeddable":true,"href":"https:\/\/le12.ma\/fr\/wp-json\/wp\/v2\/yst_prominent_words?post=32325"}],"curies":[{"name":"wp","href":"https:\/\/api.w.org\/{rel}","templated":true}]}}