{"id":32305,"date":"2023-05-24T11:42:58","date_gmt":"2023-05-24T10:42:58","guid":{"rendered":"https:\/\/le12.ma\/fr\/?p=32305"},"modified":"2023-05-24T11:42:58","modified_gmt":"2023-05-24T10:42:58","slug":"maroc-israel-examen-des-moyens-de-renforcer-la-cooperation-dans-le-domaine-cinematographique","status":"publish","type":"post","link":"https:\/\/le12.ma\/fr\/maroc-israel-examen-des-moyens-de-renforcer-la-cooperation-dans-le-domaine-cinematographique\/","title":{"rendered":"Maroc\/Isra\u00ebl: Examen des moyens de renforcer la coop\u00e9ration dans le domaine cin\u00e9matographique"},"content":{"rendered":"<h2><strong>La Commission du film de Dakhla et le <a href=\"https:\/\/mapfinance.ma\/maroc-israel-examen-des-moyens-de-renforcer-la-cooperation-dans-le-domaine-cinematographique\/\">Festival<\/a> du film d\u2019auteur de Rabat ont tenu une r\u00e9union avec des repr\u00e9sentants du minist\u00e8re isra\u00e9lien de la Culture et des Sports, dans le cadre de la 76\u00e8me \u00e9dition du Festival de Cannes, en vue d\u2019examiner les voies de coop\u00e9ration dans le domaine cin\u00e9matographique.<\/strong><\/h2>\n<p><strong>Lors de cette rencontre, l\u2019accent a \u00e9t\u00e9 mis sur le r\u00f4le que joue le Maroc, en tant que pays ouvert et multiculturel et en tant que destination cin\u00e9matographique convoit\u00e9e par de grandes soci\u00e9t\u00e9s de production cin\u00e9matographique, indique un communiqu\u00e9 de la Commission du film de Dakhla.<\/strong><\/p>\n<p><strong>Ainsi, il a \u00e9t\u00e9 d\u00e9cid\u00e9 d\u2019ouvrir la voie \u00e0 la <a href=\"https:\/\/le12.ma\/fr\/rabat-installation-des-membres-de-la-commission-du-fonds-daide-a-la-production-cinematographique-nationale\/\">coop\u00e9ration<\/a> dans le domaine cin\u00e9matographique, afin d\u2019\u00e9changer des visites et des exp\u00e9riences en la mati\u00e8re, note le communiqu\u00e9.<\/strong><\/p>\n<p><strong>De m\u00eame, les parties se sont mises d\u2019accord d\u2019instaurer des coproductions de films, de renforcer la coop\u00e9ration dans le domaine de la formation et d\u2019encourager la participation aux festivals de cin\u00e9ma, souligne la m\u00eame source.<\/strong><\/p>\n<p><strong>Enfin, il a \u00e9t\u00e9 convenu qu\u2019une d\u00e9l\u00e9gation cin\u00e9matographique isra\u00e9lienne se rendrait au Maroc, en vue de pr\u00e9parer des productions cin\u00e9matographiques en commun, notamment celles en relation avec la composante culturelle juive du Maroc<\/strong><\/p>\n<p><strong>La d\u00e9l\u00e9gation isra\u00e9lienne \u00e9tait compos\u00e9e de la directrice du d\u00e9partement du cin\u00e9ma au minist\u00e8re isra\u00e9lien de la Culture et des Sports, Karen Carmel, de la directrice de la Culture, Kalit Wahba Chachou et de la directrice artistique, Osnat Bukofzer.<\/strong><\/p>\n","protected":false},"excerpt":{"rendered":"<p>La Commission du film de Dakhla et le Festival du film d\u2019auteur de Rabat ont tenu une r\u00e9union avec des repr\u00e9sentants du minist\u00e8re isra\u00e9lien de la Culture et des Sports, dans le cadre de la 76\u00e8me \u00e9dition du Festival de Cannes, en vue d\u2019examiner les voies de coop\u00e9ration dans le domaine cin\u00e9matographique. Lors de cette [&hellip;]<\/p>\n","protected":false},"author":2,"featured_media":32306,"comment_status":"open","ping_status":"open","sticky":false,"template":"","format":"standard","meta":[],"categories":[31,54],"tags":[11021,10522],"yst_prominent_words":[1367,396,695,583,574,457,69],"jetpack_featured_media_url":"https:\/\/le12.ma\/fr\/wp-content\/uploads\/2023\/05\/cinematographie.png","_links":{"self":[{"href":"https:\/\/le12.ma\/fr\/wp-json\/wp\/v2\/posts\/32305"}],"collection":[{"href":"https:\/\/le12.ma\/fr\/wp-json\/wp\/v2\/posts"}],"about":[{"href":"https:\/\/le12.ma\/fr\/wp-json\/wp\/v2\/types\/post"}],"author":[{"embeddable":true,"href":"https:\/\/le12.ma\/fr\/wp-json\/wp\/v2\/users\/2"}],"replies":[{"embeddable":true,"href":"https:\/\/le12.ma\/fr\/wp-json\/wp\/v2\/comments?post=32305"}],"version-history":[{"count":1,"href":"https:\/\/le12.ma\/fr\/wp-json\/wp\/v2\/posts\/32305\/revisions"}],"predecessor-version":[{"id":32307,"href":"https:\/\/le12.ma\/fr\/wp-json\/wp\/v2\/posts\/32305\/revisions\/32307"}],"wp:featuredmedia":[{"embeddable":true,"href":"https:\/\/le12.ma\/fr\/wp-json\/wp\/v2\/media\/32306"}],"wp:attachment":[{"href":"https:\/\/le12.ma\/fr\/wp-json\/wp\/v2\/media?parent=32305"}],"wp:term":[{"taxonomy":"category","embeddable":true,"href":"https:\/\/le12.ma\/fr\/wp-json\/wp\/v2\/categories?post=32305"},{"taxonomy":"post_tag","embeddable":true,"href":"https:\/\/le12.ma\/fr\/wp-json\/wp\/v2\/tags?post=32305"},{"taxonomy":"yst_prominent_words","embeddable":true,"href":"https:\/\/le12.ma\/fr\/wp-json\/wp\/v2\/yst_prominent_words?post=32305"}],"curies":[{"name":"wp","href":"https:\/\/api.w.org\/{rel}","templated":true}]}}