{"id":32275,"date":"2023-05-24T10:12:46","date_gmt":"2023-05-24T09:12:46","guid":{"rendered":"https:\/\/le12.ma\/fr\/?p=32275"},"modified":"2023-05-24T10:12:46","modified_gmt":"2023-05-24T09:12:46","slug":"diva-une-exposition-dediee-a-la-joaillerie-de-mode-italienne-a-rabat","status":"publish","type":"post","link":"https:\/\/le12.ma\/fr\/diva-une-exposition-dediee-a-la-joaillerie-de-mode-italienne-a-rabat\/","title":{"rendered":"\u201cDIVA !\u201d.. une exposition d\u00e9di\u00e9e \u00e0 la joaillerie de mode italienne \u00e0 Rabat"},"content":{"rendered":"<h2><strong>L\u2019exposition \u00ab DIVA ! Italian Glamour in Fashion Jewellery \u00bb, mettant en valeur la <a href=\"https:\/\/fr.wikipedia.org\/wiki\/Joaillerie\">beaut\u00e9<\/a> de la bijouterie de mode Made in Italy, fera escale pour la premi\u00e8re fois au Maroc, du 24 mai au 23 juillet \u00e0 Rabat.<\/strong><\/h2>\n<p><strong>L\u2019exposition, qui sera accueillie par le Mus\u00e9e national de la parure aux Oudayas, est organis\u00e9e \u00e0 l\u2019initiative de l\u2019ambassade d\u2019Italie au Maroc, l\u2019Institut culturel italien de Rabat et la Fondation nationale des mus\u00e9es (FNM) et promue par le minist\u00e8re italien des Affaires \u00e9trang\u00e8res et de la coop\u00e9ration internationale.<\/strong><\/p>\n<p><strong>Selon les organisateurs, <a href=\"https:\/\/le12.ma\/fr\/bernhard-h-mayer-devoile-la-nouvelle-collection-empire\/\">l\u2019exposition<\/a> vise \u00e0 pr\u00e9senter au niveau international l\u2019excellence de la bijouterie de mode italienne, qui est l\u2019un des principaux contributeurs \u00e0 l\u2019affirmation de la marque Made in Italy dans le monde.<\/strong><\/p>\n<p><strong>L\u2019exposition, con\u00e7ue sous la direction artistique de la commissaire Alba Cappellieri, professeure de design de bijoux \u00e0 l\u2019\u00c9cole polytechnique de Milan, a d\u00e9but\u00e9 \u00e0 Abou Dhabi en 2021 et poursuit depuis lors son aventure \u00e0 travers le monde.<\/strong><\/p>\n<p><strong>Elle se compose de 200 pi\u00e8ces de joaillerie, chefs-d\u2019\u0153uvre des plus grands orf\u00e8vres qui refl\u00e8tent la beaut\u00e9, la cr\u00e9ativit\u00e9 et le g\u00e9nie artistique de l\u2019artisanat italien, connu dans le monde entier pour son raffinement.<\/strong><\/p>\n<p><strong>Lors d\u2019une conf\u00e9rence de presse organis\u00e9e \u00e0 cette occasion, le pr\u00e9sident de la FNM, Mehdi Qotbi, a exprim\u00e9 sa fiert\u00e9 de voir l\u2019espace des Oudayas \u00e0 Rabat abriter cette exposition qui incarne la dynamique de partage et d\u2019\u00e9change culturel entre le Maroc et l\u2019Italie.<\/strong><\/p>\n<p><strong>Cette exposition raconte l\u2019histoire de parures con\u00e7ues par les plus c\u00e9l\u00e8bres cr\u00e9ateurs italiens et port\u00e9es par des l\u00e9gendes du cin\u00e9ma mondial comme Sophia Lauren et Lolo Brigida, a indiqu\u00e9 M. Qotbi, ajoutant que cette exposition fera d\u00e9couvrir au public ces pi\u00e8ces uniques refl\u00e9tant la magnificence de la joaillerie de mode italienne qui jouit d\u2019une renomm\u00e9e internationale.<\/strong><\/p>\n<p><strong>De son c\u00f4t\u00e9, l\u2019ambassadeur d\u2019Italie au Maroc, Armando Barucco, a mis l\u2019accent sur l\u2019importance de cet \u00e9v\u00e9nement qui expose les chefs-d\u2019\u0153uvre de plusieurs designers italien, notant que l\u2019exposition retrace l\u2019\u00e9volution de la bijouterie de mode italienne et permet une meilleure connaissance de cet art raffin\u00e9 Made in Italy.<\/strong><\/p>\n<p><strong>Intervenant \u00e0 cette occasion, la commissaire de l\u2019exposition, Alba Cappellieri, a soulign\u00e9 que l\u2019exposition, qui regroupe plus de 200 pi\u00e8ces, donne un aper\u00e7u sur l\u2019\u00e9volution des techniques de fabrication de la bijouterie de mode italienne, des ann\u00e9es 1950 \u00e0 ce jour.<\/strong><\/p>\n<p><strong>L\u2019objectif de cette exposition est de montrer au public le nec plus ultra des \u0153uvres des orf\u00e8vres italiens, connus pour leur grande ma\u00eetrise, leur cr\u00e9ativit\u00e9 et l\u2019usage des meilleurs mat\u00e9riaux et techniques, a-t-elle dit. Plus qu\u2019un simple ornement, les bijoux de mode italiens sont un objet \u00ab culturel \u00bb qui repr\u00e9sente et synth\u00e9tise les racines et les valeurs de la culture italienne, a fait remarquer Mme Cappellieri, exprimant sa grande admiration pour l\u2019espace des Oudayas qui abrite l\u2019exposition.<\/strong><\/p>\n<p><strong>Depuis les temps anciens, le bijou fait partie int\u00e9grante du v\u00eatement et repr\u00e9sente l\u2019un des protagonistes de l\u2019histoire de la mode italienne.<\/strong><\/p>\n<p><strong>La bijouterie de mode a repr\u00e9sent\u00e9 et continue de repr\u00e9senter un objet de grand int\u00e9r\u00eat pour l\u2019artisanat d\u2019art qui a toujours caract\u00e9ris\u00e9 les territoires italiens : pour les cr\u00e9ateurs, qui se tournent vers l\u2019innovation et l\u2019avenir, mais aussi pour les stylistes novateurs qui, depuis les ann\u00e9es 1980, ont fait de la collaboration avec les bijoutiers le signe distinctif du Made in Italy. Il s\u2019agit ainsi d\u2019un mod\u00e8le unique de savoir-faire qui parvient \u00e0 combiner l\u2019artisanat et la technique avec la capacit\u00e9 d\u2019envisager de nouveaux sc\u00e9narios, langages et habitudes. (Avec MAP)<\/strong><\/p>\n","protected":false},"excerpt":{"rendered":"<p>L\u2019exposition \u00ab DIVA ! Italian Glamour in Fashion Jewellery \u00bb, mettant en valeur la beaut\u00e9 de la bijouterie de mode Made in Italy, fera escale pour la premi\u00e8re fois au Maroc, du 24 mai au 23 juillet \u00e0 Rabat. L\u2019exposition, qui sera accueillie par le Mus\u00e9e national de la parure aux Oudayas, est organis\u00e9e \u00e0 [&hellip;]<\/p>\n","protected":false},"author":2,"featured_media":32276,"comment_status":"open","ping_status":"open","sticky":false,"template":"","format":"standard","meta":[],"categories":[31,54],"tags":[11016,11017],"yst_prominent_words":[2848,57,2852,69],"jetpack_featured_media_url":"https:\/\/le12.ma\/fr\/wp-content\/uploads\/2023\/05\/joaillerie.jpg","_links":{"self":[{"href":"https:\/\/le12.ma\/fr\/wp-json\/wp\/v2\/posts\/32275"}],"collection":[{"href":"https:\/\/le12.ma\/fr\/wp-json\/wp\/v2\/posts"}],"about":[{"href":"https:\/\/le12.ma\/fr\/wp-json\/wp\/v2\/types\/post"}],"author":[{"embeddable":true,"href":"https:\/\/le12.ma\/fr\/wp-json\/wp\/v2\/users\/2"}],"replies":[{"embeddable":true,"href":"https:\/\/le12.ma\/fr\/wp-json\/wp\/v2\/comments?post=32275"}],"version-history":[{"count":1,"href":"https:\/\/le12.ma\/fr\/wp-json\/wp\/v2\/posts\/32275\/revisions"}],"predecessor-version":[{"id":32277,"href":"https:\/\/le12.ma\/fr\/wp-json\/wp\/v2\/posts\/32275\/revisions\/32277"}],"wp:featuredmedia":[{"embeddable":true,"href":"https:\/\/le12.ma\/fr\/wp-json\/wp\/v2\/media\/32276"}],"wp:attachment":[{"href":"https:\/\/le12.ma\/fr\/wp-json\/wp\/v2\/media?parent=32275"}],"wp:term":[{"taxonomy":"category","embeddable":true,"href":"https:\/\/le12.ma\/fr\/wp-json\/wp\/v2\/categories?post=32275"},{"taxonomy":"post_tag","embeddable":true,"href":"https:\/\/le12.ma\/fr\/wp-json\/wp\/v2\/tags?post=32275"},{"taxonomy":"yst_prominent_words","embeddable":true,"href":"https:\/\/le12.ma\/fr\/wp-json\/wp\/v2\/yst_prominent_words?post=32275"}],"curies":[{"name":"wp","href":"https:\/\/api.w.org\/{rel}","templated":true}]}}