{"id":31933,"date":"2023-05-17T12:05:54","date_gmt":"2023-05-17T11:05:54","guid":{"rendered":"https:\/\/le12.ma\/fr\/?p=31933"},"modified":"2023-05-17T12:05:54","modified_gmt":"2023-05-17T11:05:54","slug":"rabat-le-film-un-mundo-para-julius-de-la-peruvienne-rossana-diaz-costa-ouvre-le-vii-festival-du-cinema-en-espagnol","status":"publish","type":"post","link":"https:\/\/le12.ma\/fr\/rabat-le-film-un-mundo-para-julius-de-la-peruvienne-rossana-diaz-costa-ouvre-le-vii-festival-du-cinema-en-espagnol\/","title":{"rendered":"Rabat: le film \u201cUn mundo para Julius\u201d de la P\u00e9ruvienne Rossana Diaz Costa ouvre le \u201cVII Festival du cin\u00e9ma en espagnol\u201d"},"content":{"rendered":"<h2><strong>Le \u201cVII Festival du cin\u00e9ma en <a href=\"https:\/\/fr.wikipedia.org\/wiki\/Film_(cin%C3%A9ma)\">espagnol<\/a>\u201d s\u2019est ouvert mardi soir \u00e0 Rabat, avec la projection du film \u201cUn mundo para Julius\u201d (un monde pour Julius) de la P\u00e9ruvienne Rossana Diaz Costa.<\/strong><\/h2>\n<p><strong>L\u2019ouverture de cette manifestation <a href=\"https:\/\/le12.ma\/fr\/festival-du-film-de-marrakech-les-membres-du-jury-de-la-19-eme-edition-devoiles\/\">culturelle<\/a>, organis\u00e9e par l\u2019Institut Cervantes de Rabat en collaboration avec les Ambassades des pays hispanophones accr\u00e9dit\u00e9s au Maroc, a \u00e9t\u00e9 l\u2019occasion idoine pour le public de d\u00e9couvrir l\u2019histoire de Julius, un petit gar\u00e7on issu d\u2019un milieu aristocratique de la capitale p\u00e9ruvienne, Lima, dans la fin des ann\u00e9es cinquante.<\/strong><\/p>\n","protected":false},"excerpt":{"rendered":"<p>Le \u201cVII Festival du cin\u00e9ma en espagnol\u201d s\u2019est ouvert mardi soir \u00e0 Rabat, avec la projection du film \u201cUn mundo para Julius\u201d (un monde pour Julius) de la P\u00e9ruvienne Rossana Diaz Costa. L\u2019ouverture de cette manifestation culturelle, organis\u00e9e par l\u2019Institut Cervantes de Rabat en collaboration avec les Ambassades des pays hispanophones accr\u00e9dit\u00e9s au Maroc, a [&hellip;]<\/p>\n","protected":false},"author":2,"featured_media":31934,"comment_status":"open","ping_status":"open","sticky":false,"template":"","format":"standard","meta":[],"categories":[31,54],"tags":[10522],"yst_prominent_words":[299],"jetpack_featured_media_url":"https:\/\/le12.ma\/fr\/wp-content\/uploads\/2023\/05\/festival-du-film.jpg","_links":{"self":[{"href":"https:\/\/le12.ma\/fr\/wp-json\/wp\/v2\/posts\/31933"}],"collection":[{"href":"https:\/\/le12.ma\/fr\/wp-json\/wp\/v2\/posts"}],"about":[{"href":"https:\/\/le12.ma\/fr\/wp-json\/wp\/v2\/types\/post"}],"author":[{"embeddable":true,"href":"https:\/\/le12.ma\/fr\/wp-json\/wp\/v2\/users\/2"}],"replies":[{"embeddable":true,"href":"https:\/\/le12.ma\/fr\/wp-json\/wp\/v2\/comments?post=31933"}],"version-history":[{"count":1,"href":"https:\/\/le12.ma\/fr\/wp-json\/wp\/v2\/posts\/31933\/revisions"}],"predecessor-version":[{"id":31935,"href":"https:\/\/le12.ma\/fr\/wp-json\/wp\/v2\/posts\/31933\/revisions\/31935"}],"wp:featuredmedia":[{"embeddable":true,"href":"https:\/\/le12.ma\/fr\/wp-json\/wp\/v2\/media\/31934"}],"wp:attachment":[{"href":"https:\/\/le12.ma\/fr\/wp-json\/wp\/v2\/media?parent=31933"}],"wp:term":[{"taxonomy":"category","embeddable":true,"href":"https:\/\/le12.ma\/fr\/wp-json\/wp\/v2\/categories?post=31933"},{"taxonomy":"post_tag","embeddable":true,"href":"https:\/\/le12.ma\/fr\/wp-json\/wp\/v2\/tags?post=31933"},{"taxonomy":"yst_prominent_words","embeddable":true,"href":"https:\/\/le12.ma\/fr\/wp-json\/wp\/v2\/yst_prominent_words?post=31933"}],"curies":[{"name":"wp","href":"https:\/\/api.w.org\/{rel}","templated":true}]}}