{"id":31922,"date":"2023-05-17T11:26:43","date_gmt":"2023-05-17T10:26:43","guid":{"rendered":"https:\/\/le12.ma\/fr\/?p=31922"},"modified":"2023-05-17T11:26:43","modified_gmt":"2023-05-17T10:26:43","slug":"la-fondation-jardin-majorelle-partenaire-de-ledition-2023-de-la-semaine-du-film-allemand-prime","status":"publish","type":"post","link":"https:\/\/le12.ma\/fr\/la-fondation-jardin-majorelle-partenaire-de-ledition-2023-de-la-semaine-du-film-allemand-prime\/","title":{"rendered":"La Fondation Jardin Majorelle partenaire de l\u2019\u00e9dition 2023 de la Semaine du film allemand prim\u00e9"},"content":{"rendered":"<h2><strong>La Fondation Jardin Majorelle est partenaire de <a href=\"https:\/\/fr.wikipedia.org\/wiki\/Film_(cin%C3%A9ma)\">l\u2019\u00e9dition<\/a> 2023 de la Semaine du film allemand prim\u00e9, qui aura lieu du 23 au 27 mai courant, au Mus\u00e9e Yves Saint Laurent \u00e0 Marrakech.<\/strong><\/h2>\n<p><strong>\u201cLa Fondation Jardin Majorelle s\u2019associe au Goethe-Institut Marokko pour proposer la Semaine du film allemand prim\u00e9 2023, un \u00e9v\u00e9nement cin\u00e9matographique, qui invite \u00e0 la d\u00e9couverte de films <a href=\"https:\/\/le12.ma\/fr\/festival-national-du-film-de-tanger-hommage-a-noureddine-sail\/\">allemands<\/a> contemporains prim\u00e9s entre 2020-2022\u201d, indique un communiqu\u00e9 de cette institution culturelle.<\/strong><\/p>\n<p><strong>C\u2019est la premi\u00e8re ann\u00e9e que le public de Marrakech aura l\u2019opportunit\u00e9 de visionner, gratuitement et en exclusivit\u00e9, des films allemands prim\u00e9s, sous-titr\u00e9s en fran\u00e7ais ou en anglais.<\/strong><\/p>\n<p><strong>A travers un programme vari\u00e9, la Semaine du Film Allemand Prim\u00e9 pr\u00e9sentera des longs m\u00e9trages allemands prim\u00e9s de diff\u00e9rents genres et sortis dans les ann\u00e9es 2020-2022.<\/strong><\/p>\n<p><strong>Il s\u2019agit de \u201cCURVEBALL-WIR MACHEN DIE WAHRHEIT\u201d (23 mai), \u201cNICO\u201d (24 mai courant), \u201cDIE UNBEUGSAMEN\u201d (25 mai courant), \u201cCONTRA\u201d (26 mai courant), et \u201cRABIYE KURNAZ GEGEN GEORGE W. BUSH\u201d (27 mai courant).<\/strong><\/p>\n<p><strong>\u00c0 travers divers th\u00e8mes abord\u00e9s, les spectateurs peuvent explorer les multiples facettes de la soci\u00e9t\u00e9 allemande, offrant ainsi une repr\u00e9sentation nuanc\u00e9e et riche de l\u2019Allemagne actuelle.<\/strong><\/p>\n<p><strong>Organis\u00e9e par Goethe-Institut Marokko, la Semaine du Film Allemand Prim\u00e9 invite \u00e0 la d\u00e9couverte de films allemands contemporains, tr\u00e8s divers en th\u00e8mes et en genres, et favorise aussi la cr\u00e9ation d\u2019un espace d\u2019\u00e9change et de dialogue culturel.<\/strong><\/p>\n","protected":false},"excerpt":{"rendered":"<p>La Fondation Jardin Majorelle est partenaire de l\u2019\u00e9dition 2023 de la Semaine du film allemand prim\u00e9, qui aura lieu du 23 au 27 mai courant, au Mus\u00e9e Yves Saint Laurent \u00e0 Marrakech. \u201cLa Fondation Jardin Majorelle s\u2019associe au Goethe-Institut Marokko pour proposer la Semaine du film allemand prim\u00e9 2023, un \u00e9v\u00e9nement cin\u00e9matographique, qui invite \u00e0 [&hellip;]<\/p>\n","protected":false},"author":2,"featured_media":31923,"comment_status":"open","ping_status":"open","sticky":false,"template":"","format":"standard","meta":[],"categories":[31,54],"tags":[10522,10967],"yst_prominent_words":[5572],"jetpack_featured_media_url":"https:\/\/le12.ma\/fr\/wp-content\/uploads\/2023\/05\/Filmwoche-Marrakech-FB-Event-20230504.png","_links":{"self":[{"href":"https:\/\/le12.ma\/fr\/wp-json\/wp\/v2\/posts\/31922"}],"collection":[{"href":"https:\/\/le12.ma\/fr\/wp-json\/wp\/v2\/posts"}],"about":[{"href":"https:\/\/le12.ma\/fr\/wp-json\/wp\/v2\/types\/post"}],"author":[{"embeddable":true,"href":"https:\/\/le12.ma\/fr\/wp-json\/wp\/v2\/users\/2"}],"replies":[{"embeddable":true,"href":"https:\/\/le12.ma\/fr\/wp-json\/wp\/v2\/comments?post=31922"}],"version-history":[{"count":1,"href":"https:\/\/le12.ma\/fr\/wp-json\/wp\/v2\/posts\/31922\/revisions"}],"predecessor-version":[{"id":31924,"href":"https:\/\/le12.ma\/fr\/wp-json\/wp\/v2\/posts\/31922\/revisions\/31924"}],"wp:featuredmedia":[{"embeddable":true,"href":"https:\/\/le12.ma\/fr\/wp-json\/wp\/v2\/media\/31923"}],"wp:attachment":[{"href":"https:\/\/le12.ma\/fr\/wp-json\/wp\/v2\/media?parent=31922"}],"wp:term":[{"taxonomy":"category","embeddable":true,"href":"https:\/\/le12.ma\/fr\/wp-json\/wp\/v2\/categories?post=31922"},{"taxonomy":"post_tag","embeddable":true,"href":"https:\/\/le12.ma\/fr\/wp-json\/wp\/v2\/tags?post=31922"},{"taxonomy":"yst_prominent_words","embeddable":true,"href":"https:\/\/le12.ma\/fr\/wp-json\/wp\/v2\/yst_prominent_words?post=31922"}],"curies":[{"name":"wp","href":"https:\/\/api.w.org\/{rel}","templated":true}]}}