{"id":31915,"date":"2023-05-17T11:03:29","date_gmt":"2023-05-17T10:03:29","guid":{"rendered":"https:\/\/le12.ma\/fr\/?p=31915"},"modified":"2023-05-17T11:03:29","modified_gmt":"2023-05-17T10:03:29","slug":"prescolaire-le-taux-de-scolarisation-a-76-en-2022-2023","status":"publish","type":"post","link":"https:\/\/le12.ma\/fr\/prescolaire-le-taux-de-scolarisation-a-76-en-2022-2023\/","title":{"rendered":"Pr\u00e9scolaire : le taux de scolarisation \u00e0 76% en 2022\/2023"},"content":{"rendered":"<h2><strong>Le taux de scolarisation au pr\u00e9scolaire a atteint 76% au titre de la saison actuelle, compar\u00e9 \u00e0 un taux de plus de 18% au moment du lancement du programme nationale de <a href=\"https:\/\/fr.wikipedia.org\/wiki\/Chakib_Benmoussa\">g\u00e9n\u00e9ralisation<\/a> du pr\u00e9scolaire 2018-2019, a indiqu\u00e9, mardi \u00e0 la Chambre des Conseillers, le ministre de l&rsquo;\u00c9ducation nationale, du Pr\u00e9scolaire et des Sports, Chakib Benmoussa.<\/strong><\/h2>\n<p><strong>Lors des r\u00e9ponses aux <a href=\"https:\/\/le12.ma\/fr\/akhannouch-souligne-les-efforts-deployes-pour-la-generalisation-du-prescolaire-et-la-reduction-du-decrochage-scolaire\/\">questions <\/a>sur le pr\u00e9scolaire, Benmoussa a \u00e9galement indiqu\u00e9 que la strat\u00e9gie de son d\u00e9partement en la mati\u00e8re a impact\u00e9 les indicateurs, \u00ab\u00a0qui se sont nettement am\u00e9lior\u00e9s\u00a0\u00bb. Selon le ministre, le nombre total des \u00e9l\u00e8ves en pr\u00e9scolaire au niveau national a connu un \u00ab\u00a0bond significatif\u00a0\u00bb au cours de la saison scolaire actuelle. Au total, quelque 931.000 \u00e9l\u00e8ves ( dont 49.5% des filles) sont scolaris\u00e9s cette saison compar\u00e9 \u00e0 la saison scolaire pr\u00e9c\u00e9dente.<\/strong><\/p>\n<p><strong>Dans le d\u00e9tail, le nombre d&rsquo;\u00e9l\u00e8ves du pr\u00e9scolaire public, g\u00e9r\u00e9 par les partenaires, a lui aussi connu une hausse pour atteindre les 571.000 au titre de la saison scolaire actuelle (+11% par rapport \u00e0 la saison pr\u00e9c\u00e9dente). Le ministre a, en outre, relev\u00e9 une baisse importante de 19% en pr\u00e9scolaire non-structur\u00e9, qui s\u2019explique par l\u2019am\u00e9lioration de l\u2019offre publique, notant que le nombre des \u00e9l\u00e8ves est pass\u00e9 \u00e0 137.000. Selon les donn\u00e9es fournies par la tutelle, le pr\u00e9scolaire priv\u00e9 a, quant \u00e0 lui, enregistr\u00e9 une baisse ayant atteint les 3%, le nombre d\u2019\u00e9l\u00e8ves \u00e9tant pass\u00e9 \u00e0 222.000.<\/strong><\/p>\n","protected":false},"excerpt":{"rendered":"<p>Le taux de scolarisation au pr\u00e9scolaire a atteint 76% au titre de la saison actuelle, compar\u00e9 \u00e0 un taux de plus de 18% au moment du lancement du programme nationale de g\u00e9n\u00e9ralisation du pr\u00e9scolaire 2018-2019, a indiqu\u00e9, mardi \u00e0 la Chambre des Conseillers, le ministre de l&rsquo;\u00c9ducation nationale, du Pr\u00e9scolaire et des Sports, Chakib Benmoussa. [&hellip;]<\/p>\n","protected":false},"author":2,"featured_media":31916,"comment_status":"open","ping_status":"open","sticky":false,"template":"","format":"standard","meta":[],"categories":[26,54,24],"tags":[8412,9464],"yst_prominent_words":[2790,339,193,310,568,369,828,2582,2421],"jetpack_featured_media_url":"https:\/\/le12.ma\/fr\/wp-content\/uploads\/2023\/05\/prescolaire-e1641227474671.jpg","_links":{"self":[{"href":"https:\/\/le12.ma\/fr\/wp-json\/wp\/v2\/posts\/31915"}],"collection":[{"href":"https:\/\/le12.ma\/fr\/wp-json\/wp\/v2\/posts"}],"about":[{"href":"https:\/\/le12.ma\/fr\/wp-json\/wp\/v2\/types\/post"}],"author":[{"embeddable":true,"href":"https:\/\/le12.ma\/fr\/wp-json\/wp\/v2\/users\/2"}],"replies":[{"embeddable":true,"href":"https:\/\/le12.ma\/fr\/wp-json\/wp\/v2\/comments?post=31915"}],"version-history":[{"count":1,"href":"https:\/\/le12.ma\/fr\/wp-json\/wp\/v2\/posts\/31915\/revisions"}],"predecessor-version":[{"id":31917,"href":"https:\/\/le12.ma\/fr\/wp-json\/wp\/v2\/posts\/31915\/revisions\/31917"}],"wp:featuredmedia":[{"embeddable":true,"href":"https:\/\/le12.ma\/fr\/wp-json\/wp\/v2\/media\/31916"}],"wp:attachment":[{"href":"https:\/\/le12.ma\/fr\/wp-json\/wp\/v2\/media?parent=31915"}],"wp:term":[{"taxonomy":"category","embeddable":true,"href":"https:\/\/le12.ma\/fr\/wp-json\/wp\/v2\/categories?post=31915"},{"taxonomy":"post_tag","embeddable":true,"href":"https:\/\/le12.ma\/fr\/wp-json\/wp\/v2\/tags?post=31915"},{"taxonomy":"yst_prominent_words","embeddable":true,"href":"https:\/\/le12.ma\/fr\/wp-json\/wp\/v2\/yst_prominent_words?post=31915"}],"curies":[{"name":"wp","href":"https:\/\/api.w.org\/{rel}","templated":true}]}}