{"id":31850,"date":"2023-05-16T13:03:32","date_gmt":"2023-05-16T12:03:32","guid":{"rendered":"https:\/\/le12.ma\/fr\/?p=31850"},"modified":"2023-05-16T13:03:32","modified_gmt":"2023-05-16T12:03:32","slug":"exposition-le-temps-a-rabat-trois-questions-a-lartiste-peintre-et-plasticienne-ilham-laraki-omari","status":"publish","type":"post","link":"https:\/\/le12.ma\/fr\/exposition-le-temps-a-rabat-trois-questions-a-lartiste-peintre-et-plasticienne-ilham-laraki-omari\/","title":{"rendered":"Exposition \u201cLe temps\u201d \u00e0 Rabat : Trois questions \u00e0 l\u2019artiste peintre et plasticienne, Ilham Laraki Omari"},"content":{"rendered":"<h2><strong>Rabat \u2013 La galerie Bab Lekbir des Oudayas \u00e0 Rabat abrite jusqu\u2019au 19 courant une exposition sur \u201cLe temps\u201d de l\u2019artiste peintre et plasticienne, Ilham Laraki Omari. A cette occasion, l\u2019artiste r\u00e9pond \u00e0 trois questions de la MAP autour de cette exposition qui comprend des \u0153uvres passionnantes et ouvre la voie au <a href=\"https:\/\/www.mapexpress.ma\/actualite\/culture-et-medias\/exposition-temps-rabat-trois-questions-lartiste-peintre-plasticienne-ilham-laraki-omari\/\">dialogue<\/a> et \u00e0 la r\u00e9flexion sur ce th\u00e8me.<\/strong><\/h2>\n<p><strong>1- La galerie Bab Lekbir des Oudayas abrite votre exposition sur le \u201ctemps\u201d, quelle est la raison derri\u00e8re le choix de ce th\u00e8me ?<\/strong><\/p>\n<p><strong>On peut dire que ce sujet a suscit\u00e9 mon int\u00e9r\u00eat depuis plus de sept ans, mon choix au d\u00e9part a \u00e9t\u00e9 spontan\u00e9 et s\u2019est fait d\u2019une mani\u00e8re progressive, j\u2019\u00e9tais donc de plus en plus attir\u00e9e par le th\u00e8me du temps ou de l\u2019heure. Ce th\u00e8me est, en effet, devenu une source d\u2019inspiration pour moi, me permettant de m\u2019y approfondir, de m\u2019interroger et de partager mes pens\u00e9es et mes <a href=\"https:\/\/le12.ma\/fr\/rabat-portes-ouvertes-de-lexposition-delacroix-souvenirs-dun-voyage-au-maroc\/\">\u00e9motions<\/a>, \u00e0 travers des \u0153uvres d\u2019art.<\/strong><\/p>\n<p><strong>Au d\u00e9but, j\u2019ai trait\u00e9 ce sujet indistinctement et avec r\u00e9serve, en int\u00e9grant les aiguilles de la montre dans certains de mes tableaux que j\u2019ai r\u00e9alis\u00e9s avec de la peinture \u00e0 l\u2019huile sur toile, ou \u00e0 travers des formes et des compositions g\u00e9om\u00e9triques. Peu \u00e0 peu, ce sujet est devenu le centre de mes peintures et sculptures, dont certaines comprennent des \u00e9l\u00e9ments anim\u00e9s avec lesquels les visiteurs interagissent, pour tenter de les rapprocher du th\u00e8me du \u201ctemps\u201d.<\/strong><\/p>\n<p><strong>J\u2019ai r\u00e9alis\u00e9 cette exposition pendant environ trois ans pour pouvoir pr\u00e9senter des \u0153uvres d\u2019art qui traduisent ma vision du \u201ctemps\u201d que je consid\u00e8re comme un vaste sujet et je sens que je suis capable de produire plus d\u2019\u0153uvres en ce sens au vu de la difficult\u00e9 de saisir et de cerner le sujet.<\/strong><\/p>\n<p><strong>2- Quels sont les autres sujets qui vous inspirent, les couleurs qui vous attirent vers la peinture et les produits que vous utilisez ?<\/strong><\/p>\n<p><strong>En r\u00e9alit\u00e9, la dimension spirituelle domine depuis mes d\u00e9buts la majeure partie de mon travail, car j\u2019approfondis et m\u00e9dite beaucoup sur les choses, les d\u00e9tails et tout ce qui m\u2019entoure malgr\u00e9 leur simplicit\u00e9, et donc n\u2019importe quel \u00e9l\u00e9ment peut devenir ma source d\u2019inspiration, \u00e9tant donn\u00e9 que j\u2019ext\u00e9riorise mes id\u00e9es et mes \u00e9motions pour afficher les bienfaits et la splendeur de la vie. Pour moi, l\u2019art plastique est d\u00e9sormais un moyen de documenter et de r\u00e9sumer ces moments sous forme de peintures ou de sculptures.<\/strong><\/p>\n<p><strong>Dans mes d\u00e9buts qui remontent \u00e0 plus d\u2019une vingtaine d\u2019ann\u00e9es, je me souviens avoir con\u00e7u mes peintures dans le style r\u00e9aliste, pour passer ensuite \u00e0 un style semi-r\u00e9aliste, car \u00e0 cette \u00e9poque j\u2019ai commenc\u00e9 \u00e0 introduire le style abstrait dans mes \u0153uvres.<\/strong><\/p>\n<p><strong>Dans une autre \u00e9tape de mon parcours artistique, mes peintures \u00e9taient domin\u00e9es par des couleurs criardes et chaudes qui ressemblent \u00e0 des coul\u00e9es de lave, pour pr\u00e9senter, dans une \u00e9tape ult\u00e9rieure, des \u0153uvres d\u2019art qui c\u00e9l\u00e8brent \u00e0 l\u2019unanimit\u00e9 l\u2019\u00e9l\u00e9ment de la lumi\u00e8re, et entrer par la suite directement dans le monde du \u201ctemps\u201d ou \u201cl\u2019heure\u201d, sujet de mon exposition actuelle.<\/strong><\/p>\n<p><strong>J\u2019ai opt\u00e9 pour la peinture \u00e0 l\u2019huile sur toile dans la plupart de mes peintures, et parfois j\u2019ai eu recours \u00e0 des techniques diverses dans la r\u00e9alisation d\u2019un seul tableau.<\/strong><\/p>\n<p><strong>3- Quels sont vos projets artistiques futurs ?<\/strong><\/p>\n<p><strong>Je pense actuellement \u00e0 approfondir le th\u00e8me du \u201ctemps\u201d, \u00e0 travers la r\u00e9alisation d\u2019autres \u0153uvres centr\u00e9es autour de ce th\u00e8me, outre l\u2019organisation d\u2019expositions dans plusieurs villes marocaines et en France.<\/strong><\/p>\n","protected":false},"excerpt":{"rendered":"<p>Rabat \u2013 La galerie Bab Lekbir des Oudayas \u00e0 Rabat abrite jusqu\u2019au 19 courant une exposition sur \u201cLe temps\u201d de l\u2019artiste peintre et plasticienne, Ilham Laraki Omari. A cette occasion, l\u2019artiste r\u00e9pond \u00e0 trois questions de la MAP autour de cette exposition qui comprend des \u0153uvres passionnantes et ouvre la voie au dialogue et \u00e0 [&hellip;]<\/p>\n","protected":false},"author":2,"featured_media":31851,"comment_status":"open","ping_status":"open","sticky":false,"template":"","format":"standard","meta":[],"categories":[31,54],"tags":[7933,10957],"yst_prominent_words":[2850,2848,299,265],"jetpack_featured_media_url":"https:\/\/le12.ma\/fr\/wp-content\/uploads\/2023\/05\/Ilham-Laraki-Omari.jpg","_links":{"self":[{"href":"https:\/\/le12.ma\/fr\/wp-json\/wp\/v2\/posts\/31850"}],"collection":[{"href":"https:\/\/le12.ma\/fr\/wp-json\/wp\/v2\/posts"}],"about":[{"href":"https:\/\/le12.ma\/fr\/wp-json\/wp\/v2\/types\/post"}],"author":[{"embeddable":true,"href":"https:\/\/le12.ma\/fr\/wp-json\/wp\/v2\/users\/2"}],"replies":[{"embeddable":true,"href":"https:\/\/le12.ma\/fr\/wp-json\/wp\/v2\/comments?post=31850"}],"version-history":[{"count":1,"href":"https:\/\/le12.ma\/fr\/wp-json\/wp\/v2\/posts\/31850\/revisions"}],"predecessor-version":[{"id":31852,"href":"https:\/\/le12.ma\/fr\/wp-json\/wp\/v2\/posts\/31850\/revisions\/31852"}],"wp:featuredmedia":[{"embeddable":true,"href":"https:\/\/le12.ma\/fr\/wp-json\/wp\/v2\/media\/31851"}],"wp:attachment":[{"href":"https:\/\/le12.ma\/fr\/wp-json\/wp\/v2\/media?parent=31850"}],"wp:term":[{"taxonomy":"category","embeddable":true,"href":"https:\/\/le12.ma\/fr\/wp-json\/wp\/v2\/categories?post=31850"},{"taxonomy":"post_tag","embeddable":true,"href":"https:\/\/le12.ma\/fr\/wp-json\/wp\/v2\/tags?post=31850"},{"taxonomy":"yst_prominent_words","embeddable":true,"href":"https:\/\/le12.ma\/fr\/wp-json\/wp\/v2\/yst_prominent_words?post=31850"}],"curies":[{"name":"wp","href":"https:\/\/api.w.org\/{rel}","templated":true}]}}