{"id":31841,"date":"2023-05-16T11:50:16","date_gmt":"2023-05-16T10:50:16","guid":{"rendered":"https:\/\/le12.ma\/fr\/?p=31841"},"modified":"2023-05-16T11:50:16","modified_gmt":"2023-05-16T10:50:16","slug":"le-maroc-et-lazerbaidjan-partagent-le-respect-du-pluralisme-et-de-la-diversite-culturelle-m-talbi-alami","status":"publish","type":"post","link":"https:\/\/le12.ma\/fr\/le-maroc-et-lazerbaidjan-partagent-le-respect-du-pluralisme-et-de-la-diversite-culturelle-m-talbi-alami\/","title":{"rendered":"Le Maroc et l\u2019Azerba\u00efdjan partagent le respect du pluralisme et de la diversit\u00e9 culturelle (M. Talbi Alami)"},"content":{"rendered":"<h2><strong>Bakou \u2013 Le Maroc et l\u2019Azerba\u00efdjan partagent la m\u00eame approche fond\u00e9e sur le pluralisme et la diversit\u00e9 culturelle profond\u00e9ment enracin\u00e9e, bas\u00e9e sur une histoire et une <a href=\"https:\/\/fr.wikipedia.org\/wiki\/Rachid_Talbi_Alami\">civilisation <\/a>anciennes qui ont largement contribu\u00e9 \u00e0 l\u2019\u00e9mergence de la modernit\u00e9 et du rationalisme contemporain, a affirm\u00e9, mardi \u00e0 Bakou, le Pr\u00e9sident de la Chambre des Repr\u00e9sentants, Rachid Talbi Alami.<\/strong><\/h2>\n<p><strong>S\u2019exprimant lors des <a href=\"https:\/\/le12.ma\/fr\/alami-participe-a-la-1ere-conference-du-reseau-parlementaire-du-mouvement-des-non-alignes\/\">c\u00e9l\u00e9brations<\/a> du centi\u00e8me anniversaire de la naissance de l\u2019ancien pr\u00e9sident de la r\u00e9publique d\u2019Azerba\u00efdjan, Heydar Aliyev, M. Talbi Alami a estim\u00e9 que les deux pays fr\u00e8res ont la m\u00eame responsabilit\u00e9 nationale, historique, politique et \u00e9thique dans la \u201cprotection de l\u2019int\u00e9grit\u00e9 territoriale et la d\u00e9fense farouche et inlassable de la souverainet\u00e9 nationale\u201d.<\/strong><\/p>\n<p><strong>\u201cLes deux pays partagent \u00e9galement la m\u00eame volont\u00e9 d\u2019ascension \u00e9conomique et de coh\u00e9sion sociale dans le cadre de l\u2019\u00c9tat de droit, de l\u2019\u00c9tat des institutions et d\u2019un v\u00e9ritable pluralisme, qui fait partie de notre identit\u00e9\u201d, a-t-il ajout\u00e9.<\/strong><\/p>\n<p><strong>Au Maroc, a poursuivi le responsable, \u201cnotre r\u00e9ussite est associ\u00e9e \u00e0 trois glorieux Rois, feu le Roi Mohammed V, h\u00e9ros de la lib\u00e9ration nationale et p\u00e8re de la nation, feu le Roi Hassan II, fondateur du Maroc moderne, ainsi que SM le Roi Mohammed VI, leader de l\u2019\u00e9mergence actuelle du Maroc\u201d.<\/strong><\/p>\n<p><strong>Par ailleurs, M. Talbi Alami a not\u00e9 que l\u2019une des le\u00e7ons que l\u2019on peut tirer de la success story de l\u2019Azerba\u00efdjan est que l\u2019islam et les traditions peuvent aller de pair avec le progr\u00e8s. Des success story similaires ont \u00e9t\u00e9 relev\u00e9es en Eurasie, dans le Golfe et au Moyen-Orient, en plus du mod\u00e8le marocain, a-t-il fait observer.<\/strong><\/p>\n<p><strong>La r\u00e9ussite du mod\u00e8le de l\u2019Azerba\u00efdjan est la preuve que la diversit\u00e9 et la diff\u00e9rence, dans le respect des caract\u00e9ristiques, des contextes et des traditions politiques de chaque pays, sont de v\u00e9ritables atouts pour le progr\u00e8s et l\u2019\u00e9volution, a indiqu\u00e9 le responsable, estimant que \u201creproduire des mod\u00e8les culturels et politiques pr\u00e9existants et les imposer au monde aboutit g\u00e9n\u00e9ralement \u00e0 une impasse et une schizophr\u00e9nie culturelle\u201d.<\/strong><\/p>\n<p><strong>Si l\u2019histoire des pays est, dans divers cas, li\u00e9e \u00e0 des noms particuliers, la renaissance de l\u2019Azerba\u00efdjan est sans aucun doute associ\u00e9e au nom du pr\u00e9sident Heydar Aliyev, a dit M. Talbi Alami, pr\u00e9cisant que le pays, gr\u00e2ce \u00e0 son unit\u00e9, aux efforts, comp\u00e9tences et sagesse de ses \u00e9lites, est, aujourd\u2019hui, l\u2019un des exemples de renaissance, malgr\u00e9 le contexte r\u00e9gional et international difficile.<\/strong><\/p>\n<p><strong>L\u2019Azerba\u00efdjan, avec ses acquis, sa diversit\u00e9 culturelle, sa population et sa capacit\u00e9 \u00e0 innover dans la production et la r\u00e9partition des richesses, permettant ainsi l\u2019\u00e9mergence d\u2019une grande classe moyenne porteuse de modernit\u00e9, est un acteur r\u00e9gional de stabilit\u00e9 et l\u2019un des pays qui prouvent que la modernit\u00e9 et la d\u00e9mocratie ne sont pas en conflit avec un islam mod\u00e9r\u00e9 et tol\u00e9rant, a-t-il ajout\u00e9.<\/strong><\/p>\n<p><strong>Durant sa visite \u00e0 Bakou, M. Talbi Alami aura d\u2019importantes r\u00e9unions et discussions bilat\u00e9rales avec les pr\u00e9sidents des parlements et les chefs de d\u00e9l\u00e9gations participant aux c\u00e9l\u00e9brations, en particulier la pr\u00e9sidente de l\u2019Assembl\u00e9e nationale azerba\u00efdjanaise.<\/strong><\/p>\n","protected":false},"excerpt":{"rendered":"<p>Bakou \u2013 Le Maroc et l\u2019Azerba\u00efdjan partagent la m\u00eame approche fond\u00e9e sur le pluralisme et la diversit\u00e9 culturelle profond\u00e9ment enracin\u00e9e, bas\u00e9e sur une histoire et une civilisation anciennes qui ont largement contribu\u00e9 \u00e0 l\u2019\u00e9mergence de la modernit\u00e9 et du rationalisme contemporain, a affirm\u00e9, mardi \u00e0 Bakou, le Pr\u00e9sident de la Chambre des Repr\u00e9sentants, Rachid Talbi [&hellip;]<\/p>\n","protected":false},"author":2,"featured_media":31843,"comment_status":"open","ping_status":"open","sticky":false,"template":"","format":"standard","meta":[],"categories":[31,25,54],"tags":[10102,8042],"yst_prominent_words":[261,69,310,98,362,613,1484],"jetpack_featured_media_url":"https:\/\/le12.ma\/fr\/wp-content\/uploads\/2023\/05\/Maroc-Azerbaidjan-508x300-1.png","_links":{"self":[{"href":"https:\/\/le12.ma\/fr\/wp-json\/wp\/v2\/posts\/31841"}],"collection":[{"href":"https:\/\/le12.ma\/fr\/wp-json\/wp\/v2\/posts"}],"about":[{"href":"https:\/\/le12.ma\/fr\/wp-json\/wp\/v2\/types\/post"}],"author":[{"embeddable":true,"href":"https:\/\/le12.ma\/fr\/wp-json\/wp\/v2\/users\/2"}],"replies":[{"embeddable":true,"href":"https:\/\/le12.ma\/fr\/wp-json\/wp\/v2\/comments?post=31841"}],"version-history":[{"count":1,"href":"https:\/\/le12.ma\/fr\/wp-json\/wp\/v2\/posts\/31841\/revisions"}],"predecessor-version":[{"id":31844,"href":"https:\/\/le12.ma\/fr\/wp-json\/wp\/v2\/posts\/31841\/revisions\/31844"}],"wp:featuredmedia":[{"embeddable":true,"href":"https:\/\/le12.ma\/fr\/wp-json\/wp\/v2\/media\/31843"}],"wp:attachment":[{"href":"https:\/\/le12.ma\/fr\/wp-json\/wp\/v2\/media?parent=31841"}],"wp:term":[{"taxonomy":"category","embeddable":true,"href":"https:\/\/le12.ma\/fr\/wp-json\/wp\/v2\/categories?post=31841"},{"taxonomy":"post_tag","embeddable":true,"href":"https:\/\/le12.ma\/fr\/wp-json\/wp\/v2\/tags?post=31841"},{"taxonomy":"yst_prominent_words","embeddable":true,"href":"https:\/\/le12.ma\/fr\/wp-json\/wp\/v2\/yst_prominent_words?post=31841"}],"curies":[{"name":"wp","href":"https:\/\/api.w.org\/{rel}","templated":true}]}}