{"id":31775,"date":"2023-05-15T15:28:48","date_gmt":"2023-05-15T14:28:48","guid":{"rendered":"https:\/\/le12.ma\/fr\/?p=31775"},"modified":"2023-05-15T15:28:48","modified_gmt":"2023-05-15T14:28:48","slug":"art-du-benin-lexposition-au-grand-succes-prolongee-jusquen-juin","status":"publish","type":"post","link":"https:\/\/le12.ma\/fr\/art-du-benin-lexposition-au-grand-succes-prolongee-jusquen-juin\/","title":{"rendered":"\u201cArt du B\u00e9nin\u201d : l\u2019exposition au grand succ\u00e8s prolong\u00e9e jusqu\u2019en juin"},"content":{"rendered":"<h2><strong>Rabat \u2013 <a href=\"https:\/\/www.mapexpress.ma\/actualite\/culture-et-medias\/art-du-benin-lexposition-au-grand-succes-prolongee-jusquen-juin\/\">L\u2019exposition<\/a> \u201cArt du B\u00e9nin : d\u2019hier et d\u2019aujourd\u2019hui, de la restitution \u00e0 la r\u00e9v\u00e9lation\u201d qui a eu un grand succ\u00e8s aupr\u00e8s du public marocain, sera prolong\u00e9e jusqu\u2019en juin, a annonc\u00e9 samedi, le Pr\u00e9sident de la Fondation Nationale des Mus\u00e9es (FNM), Mehdi Qotbi.<\/strong><\/h2>\n<p><strong>S\u2019exprimant lors de la <a href=\"https:\/\/le12.ma\/fr\/16eme-edition-du-festival-jazzablanca-des-univers-musicaux-multiples-et-18-groupes-et-artistes-marocains-africains-et-internationaux\/\">c\u00e9r\u00e9monie<\/a> de finissage de l\u2019exposition et de la pr\u00e9sentation du catalogue, en pr\u00e9sence du ministre de la Jeunesse, de la Culture et de la Communication, Mohamed Mehdi Bensaid et du ministre du Tourisme, de la Culture et des Arts du B\u00e9nin, Jean-Michel Abimbola, M. Qotbi a indiqu\u00e9 que la R\u00e9publique du B\u00e9nin a accept\u00e9 que cette exposition, qui a eu un succ\u00e8s impressionnant aupr\u00e8s des visiteurs, soit prolong\u00e9e jusqu\u2019en juin.<\/strong><\/p>\n<p><strong>\u201cAujourd\u2019hui, la diplomatie culturelle est en marche dans le sillage de la politique trac\u00e9e par SM le Roi Mohammed VI qui a mis la culture et l\u2019art au niveau o\u00f9 ils sont actuellement au Maroc\u201d, a-t-il dit, soulignant que \u201ctous les Marocains sont reconnaissants aujourd\u2019hui au Souverain pour toutes ces possibilit\u00e9s et ces mus\u00e9es ouverts dans le pays, mais aussi pour toute cette exp\u00e9rience que le Maroc a acquise dans les mus\u00e9es\u201d.<\/strong><\/p>\n<p><strong>\u201cLe Maroc est cit\u00e9 en exemple. Partout, on voit que le Maroc est arriv\u00e9 \u00e0 un niveau extraordinaire gr\u00e2ce \u00e0 cette vision de SM le Roi\u201d, s\u2019est-il f\u00e9licit\u00e9.<\/strong><\/p>\n<p><strong>De son c\u00f4t\u00e9, M. Bensaid a indiqu\u00e9 que cette exposition, qui a \u00e9t\u00e9 accueillie pendant plus de trois mois au Maroc, a connu un grand succ\u00e8s aupr\u00e8s des Marocains, avec plus de 40.000 visiteurs.<\/strong><\/p>\n<p><strong>\u201cCela montre l\u2019importance et l\u2019attention que porte le Royaume \u00e0 la culture. C\u2019est un r\u00e9sultat de l\u2019investissement important fait par l\u2019\u00c9tat sous la conduite de SM le Roi\u201d, a-t-il poursuivi.<\/strong><\/p>\n<p><strong>Quant \u00e0 M. Abimbola, il s\u2019est dit \u201csatisfait de l\u2019accueil que le public marocain a r\u00e9serv\u00e9 \u00e0 l\u2019art du B\u00e9nin\u201d, rappelant que des dizaines de milliers de visiteurs, de tous \u00e2ges et cat\u00e9gories confondus, sont venus voir de pr\u00e8s cette exposition.<\/strong><\/p>\n<p><strong>Le ministre b\u00e9ninois a \u00e9galement exprim\u00e9 sa joie de voir cette exposition au Maroc, un \u201cpays de culture et d\u2019art, un pays o\u00f9 SM le Roi met la culture au c\u0153ur des pr\u00e9occupation et du d\u00e9veloppement\u201d, mettant en avant la grande dynamique insuffl\u00e9e au domaine de la culture et des arts au Maroc.<\/strong><\/p>\n<p><strong>De son c\u00f4t\u00e9, la commissaire charg\u00e9e de l\u2019exposition, Yassine Lassissi, a indiqu\u00e9 que l\u2019exposition \u201cArt du B\u00e9nin\u201d a \u00e9t\u00e9 pr\u00e9sent\u00e9e au B\u00e9nin, dans le cadre de la restitution des biens culturels, \u00e0 savoir les 26 tr\u00e9sors qui ont \u00e9t\u00e9 restitu\u00e9s par le Quai Branly- Jacques Chirac, 130 ans apr\u00e8s leur exil, qui constituent le patrimoine immat\u00e9riel et l\u2019histoire du B\u00e9nin, expliquant que l\u2019id\u00e9e principale de l\u2019exposition est de \u201cmettre en r\u00e9sonance l\u2019art contemporain du B\u00e9nin avec l\u2019art classique pour montrer \u00e0 quel point les artistes b\u00e9ninois s\u2019int\u00e9ressent \u00e0 leur histoire culturelle, cultuelle et \u00e0 leur patrimoine immat\u00e9riel\u201d.<\/strong><\/p>\n<p><strong>L\u2019exposition, sur son volet \u201cArt contemporain du B\u00e9nin\u201d, r\u00e9unit 34 artistes contemporains et plus d\u2019une centaine d\u2019\u0153uvres pour c\u00e9l\u00e9brer la vitalit\u00e9 et la vivacit\u00e9 de l\u2019art contemporain b\u00e9ninois au travers d\u2019un foisonnement de techniques et de m\u00e9diums, notamment de la peinture, la sculpture, l\u2019art vid\u00e9o, le dessin, l\u2019art num\u00e9rique et l\u2019art performance.<\/strong><\/p>\n<p><strong>Organis\u00e9e avec le soutien du minist\u00e8re de la Jeunesse, de la Culture et de la Communication et de l\u2019Agence marocaine de coop\u00e9ration internationale, cette exposition participe au renforcement de l\u2019amiti\u00e9 entre le Maroc et le B\u00e9nin et entend initier une dynamique culturelle d\u2019envergure sur le reste du continent.<\/strong><\/p>\n","protected":false},"excerpt":{"rendered":"<p>Rabat \u2013 L\u2019exposition \u201cArt du B\u00e9nin : d\u2019hier et d\u2019aujourd\u2019hui, de la restitution \u00e0 la r\u00e9v\u00e9lation\u201d qui a eu un grand succ\u00e8s aupr\u00e8s du public marocain, sera prolong\u00e9e jusqu\u2019en juin, a annonc\u00e9 samedi, le Pr\u00e9sident de la Fondation Nationale des Mus\u00e9es (FNM), Mehdi Qotbi. S\u2019exprimant lors de la c\u00e9r\u00e9monie de finissage de l\u2019exposition et de [&hellip;]<\/p>\n","protected":false},"author":2,"featured_media":31776,"comment_status":"open","ping_status":"open","sticky":false,"template":"","format":"standard","meta":[],"categories":[31,54],"tags":[10940,9070],"yst_prominent_words":[583,2851,69,1512],"jetpack_featured_media_url":"https:\/\/le12.ma\/fr\/wp-content\/uploads\/2023\/05\/art-du-benin.jpg","_links":{"self":[{"href":"https:\/\/le12.ma\/fr\/wp-json\/wp\/v2\/posts\/31775"}],"collection":[{"href":"https:\/\/le12.ma\/fr\/wp-json\/wp\/v2\/posts"}],"about":[{"href":"https:\/\/le12.ma\/fr\/wp-json\/wp\/v2\/types\/post"}],"author":[{"embeddable":true,"href":"https:\/\/le12.ma\/fr\/wp-json\/wp\/v2\/users\/2"}],"replies":[{"embeddable":true,"href":"https:\/\/le12.ma\/fr\/wp-json\/wp\/v2\/comments?post=31775"}],"version-history":[{"count":1,"href":"https:\/\/le12.ma\/fr\/wp-json\/wp\/v2\/posts\/31775\/revisions"}],"predecessor-version":[{"id":31777,"href":"https:\/\/le12.ma\/fr\/wp-json\/wp\/v2\/posts\/31775\/revisions\/31777"}],"wp:featuredmedia":[{"embeddable":true,"href":"https:\/\/le12.ma\/fr\/wp-json\/wp\/v2\/media\/31776"}],"wp:attachment":[{"href":"https:\/\/le12.ma\/fr\/wp-json\/wp\/v2\/media?parent=31775"}],"wp:term":[{"taxonomy":"category","embeddable":true,"href":"https:\/\/le12.ma\/fr\/wp-json\/wp\/v2\/categories?post=31775"},{"taxonomy":"post_tag","embeddable":true,"href":"https:\/\/le12.ma\/fr\/wp-json\/wp\/v2\/tags?post=31775"},{"taxonomy":"yst_prominent_words","embeddable":true,"href":"https:\/\/le12.ma\/fr\/wp-json\/wp\/v2\/yst_prominent_words?post=31775"}],"curies":[{"name":"wp","href":"https:\/\/api.w.org\/{rel}","templated":true}]}}