{"id":31725,"date":"2023-05-13T11:30:03","date_gmt":"2023-05-13T10:30:03","guid":{"rendered":"https:\/\/le12.ma\/fr\/?p=31725"},"modified":"2023-05-13T11:30:03","modified_gmt":"2023-05-13T10:30:03","slug":"ait-melloul-arrestation-de-3-personnes-pour-coups-et-blessures-a-laide-de-larme-blanche-suivis-dun-accident-ayant-entraine-un-deces","status":"publish","type":"post","link":"https:\/\/le12.ma\/fr\/ait-melloul-arrestation-de-3-personnes-pour-coups-et-blessures-a-laide-de-larme-blanche-suivis-dun-accident-ayant-entraine-un-deces\/","title":{"rendered":"A\u00eft Melloul: Arrestation de 3 personnes pour coups et blessures \u00e0 l\u2019aide de l\u2019arme blanche suivis d\u2019un accident ayant entrain\u00e9 un d\u00e9c\u00e8s"},"content":{"rendered":"<h2><strong>Trois personnes \u00e2g\u00e9es de 23 \u00e0 40 ans ont \u00e9t\u00e9 <a href=\"http:\/\/www.mapexpress.ma\/actualite\/societe-et-regions\/ait-melloul-arrestation-3-personnes-coups-blessures-laide-larme-blanche-suivis-dun-accident-entraine-deces\/#:~:text=%C3%A0%2011%3A15-,Trois%20personnes%20%C3%A2g%C3%A9es%20de%2023%20%C3%A0%2040%20ans%20ont%20%C3%A9t%C3%A9,accident%20de%20la%20circulation%20ayant\">arr\u00eat\u00e9es<\/a>, vendredi par la brigade de la police judiciaire d\u2019A\u00eft Melloul, en coordination avec ses homologues des villes d\u2019Agadir et d\u2019Inezgane, pour leur implication pr\u00e9sum\u00e9e dans une affaire de coups et blessures \u00e0 l\u2019arme blanche suivis d\u2019un accident de la circulation ayant entra\u00een\u00e9 un d\u00e9c\u00e8s, a-t-on appris de source s\u00e9curitaire.<\/strong><\/h2>\n<p><strong>Les services de la s\u00fbret\u00e9 nationale de la ville d\u2019A\u00eft Melloul avaient entam\u00e9, mercredi dernier, les proc\u00e9dures de constat d\u2019un accident de la circulation dans le quartier d\u2019Azrou, qui a co\u00fbt\u00e9 la vie \u00e0 un conducteur, avant que les enqu\u00eates et les investigations men\u00e9es sur le terrain ne r\u00e9v\u00e8lent l\u2019implication d\u2019un groupe de personnes dans l\u2019exposition de la <a href=\"https:\/\/le12.ma\/fr\/la-prison-locale-dait-melloul-2-se-dote-dune-unite-dhemodialyse\/\">victime<\/a> \u00e0 une agression \u00e0 l\u2019arme blanche et sa poursuite \u00e0 bord de sa voiture, avant qu\u2019il ne perde le contr\u00f4le de son v\u00e9hicule et ne percute un poteau \u00e9lectrique, pr\u00e9cise-t-on de m\u00eame source.<\/strong><\/p>\n<p><strong>Les enqu\u00eates approfondies appuy\u00e9es par des recherches techniques ont permis l\u2019identification des personnes soup\u00e7onn\u00e9es d\u2019\u00eatre impliqu\u00e9es dans la commission de ces actes criminels, selon la m\u00eame source qui ajoute que trois mis en cause ont \u00e9t\u00e9 arr\u00eat\u00e9s, dont le principal suspect impliqu\u00e9 dans l\u2019incitation \u00e0 la commission de ce crime, une deuxi\u00e8me personne soup\u00e7onn\u00e9e d\u2019y avoir particip\u00e9 et une troisi\u00e8me pour non-d\u00e9nonciation de ces actes criminels.<\/strong><\/p>\n<p><strong>Les trois pr\u00e9venus ont \u00e9t\u00e9 plac\u00e9s en garde \u00e0 vue \u00e0 la disposition de l\u2019enqu\u00eate judiciaire men\u00e9e sous la supervision du parquet comp\u00e9tent en vue de d\u00e9finir les v\u00e9ritables mobiles de ce crime, alors que les recherches sont toujours en cours en vue d\u2019interpeler le reste des suspects identifi\u00e9s qui ont contribu\u00e9 et particip\u00e9 \u00e0 cet acte criminel.<\/strong><\/p>\n","protected":false},"excerpt":{"rendered":"<p>Trois personnes \u00e2g\u00e9es de 23 \u00e0 40 ans ont \u00e9t\u00e9 arr\u00eat\u00e9es, vendredi par la brigade de la police judiciaire d\u2019A\u00eft Melloul, en coordination avec ses homologues des villes d\u2019Agadir et d\u2019Inezgane, pour leur implication pr\u00e9sum\u00e9e dans une affaire de coups et blessures \u00e0 l\u2019arme blanche suivis d\u2019un accident de la circulation ayant entra\u00een\u00e9 un d\u00e9c\u00e8s, [&hellip;]<\/p>\n","protected":false},"author":2,"featured_media":31726,"comment_status":"open","ping_status":"open","sticky":false,"template":"","format":"standard","meta":[],"categories":[54,24],"tags":[7255,10935],"yst_prominent_words":[1928,2933,2313,3404,662,396,1674,2934,2928,3403,3394,2930,162,1505],"jetpack_featured_media_url":"https:\/\/le12.ma\/fr\/wp-content\/uploads\/2023\/05\/3e132c9e-ae16-4d28-9b46-cbbdc7220da8.jpg","_links":{"self":[{"href":"https:\/\/le12.ma\/fr\/wp-json\/wp\/v2\/posts\/31725"}],"collection":[{"href":"https:\/\/le12.ma\/fr\/wp-json\/wp\/v2\/posts"}],"about":[{"href":"https:\/\/le12.ma\/fr\/wp-json\/wp\/v2\/types\/post"}],"author":[{"embeddable":true,"href":"https:\/\/le12.ma\/fr\/wp-json\/wp\/v2\/users\/2"}],"replies":[{"embeddable":true,"href":"https:\/\/le12.ma\/fr\/wp-json\/wp\/v2\/comments?post=31725"}],"version-history":[{"count":1,"href":"https:\/\/le12.ma\/fr\/wp-json\/wp\/v2\/posts\/31725\/revisions"}],"predecessor-version":[{"id":31727,"href":"https:\/\/le12.ma\/fr\/wp-json\/wp\/v2\/posts\/31725\/revisions\/31727"}],"wp:featuredmedia":[{"embeddable":true,"href":"https:\/\/le12.ma\/fr\/wp-json\/wp\/v2\/media\/31726"}],"wp:attachment":[{"href":"https:\/\/le12.ma\/fr\/wp-json\/wp\/v2\/media?parent=31725"}],"wp:term":[{"taxonomy":"category","embeddable":true,"href":"https:\/\/le12.ma\/fr\/wp-json\/wp\/v2\/categories?post=31725"},{"taxonomy":"post_tag","embeddable":true,"href":"https:\/\/le12.ma\/fr\/wp-json\/wp\/v2\/tags?post=31725"},{"taxonomy":"yst_prominent_words","embeddable":true,"href":"https:\/\/le12.ma\/fr\/wp-json\/wp\/v2\/yst_prominent_words?post=31725"}],"curies":[{"name":"wp","href":"https:\/\/api.w.org\/{rel}","templated":true}]}}