{"id":31718,"date":"2023-05-13T10:24:30","date_gmt":"2023-05-13T09:24:30","guid":{"rendered":"https:\/\/le12.ma\/fr\/?p=31718"},"modified":"2023-05-13T10:24:30","modified_gmt":"2023-05-13T09:24:30","slug":"la-prison-locale-de-khouribga-accueille-la-4e-edition-du-festival-culturel-au-profit-des-detenus-africains","status":"publish","type":"post","link":"https:\/\/le12.ma\/fr\/la-prison-locale-de-khouribga-accueille-la-4e-edition-du-festival-culturel-au-profit-des-detenus-africains\/","title":{"rendered":"La prison locale de Khouribga accueille la 4\u00e8 \u00e9dition du festival culturel au profit des d\u00e9tenus africains"},"content":{"rendered":"<h2><strong>Khouribga \u2013 La prison locale de <a href=\"https:\/\/fr.wikipedia.org\/wiki\/Festival\">Khouribga<\/a> a abrit\u00e9, jeudi, la 4\u00e8 \u00e9dition du Festival culturel au profit des d\u00e9tenus africains, tenue dans le cadre de la 23\u00e8me \u00e9dition du Festival international du cin\u00e9ma africain de Khouribga (FICAK).<\/strong><\/h2>\n<p><strong>Organis\u00e9e par la Fondation du FFICAK en partenariat avec la D\u00e9l\u00e9gation g\u00e9n\u00e9rale \u00e0 l\u2019administration p\u00e9nitentiaire et de la r\u00e9insertion (DGAPR), cette quatri\u00e8me \u00e9dition du Festival a \u00e9t\u00e9 marqu\u00e9e par la <a href=\"https:\/\/le12.ma\/fr\/retour-des-2024-du-festival-mawazine-rythmes-du-monde\/\">projection<\/a> du film \u201cAnnatto\u201d de la r\u00e9alisatrice et sc\u00e9nariste marocaine Fatima Ali Boubekdie, en pr\u00e9sence d\u2019un parterre de personnalit\u00e9s marocaines et africaines de tous bords.<\/strong><\/p>\n<p><strong>Selon les organisateurs, 76 d\u00e9tenus hommes et femmes, issus de diverses institutions p\u00e9nitentiaires du Royaume, ont pris part \u00e0 cette 4\u00e8 \u00e9dition du Festival culturel des d\u00e9tenus africains originaires du S\u00e9n\u00e9gal, Guin\u00e9e, C\u00f4te d\u2019Ivoire, Cameroun, Mali, Burkina Faso, Guin\u00e9e-Bissau, Nig\u00e9ria, \u00c9gypte, Niger, Togo, B\u00e9nin, Tchad, Guin\u00e9e Conakry et Guin\u00e9e \u00e9quatoriale.<\/strong><\/p>\n<p><strong>\u201cL\u2019objectif principal derri\u00e8re l\u2019organisation de cet \u00e9v\u00e9nement au sein de la prison locale de Khouribga est d\u2019aider les d\u00e9tenus africains dans les \u00e9tablissements p\u00e9nitentiaires du Royaume \u00e0 s\u2019int\u00e9grer, en leur faisant d\u00e9couvrir certains \u00e9v\u00e9nements culturels \u00e0 dimension africaine qui se d\u00e9roulent au Maroc\u201d, a soulign\u00e9 le directeur de la prison locale de Khouribga, Mohamed Moustakim, dans une d\u00e9claration \u00e0 M24, cha\u00eene d\u2019information en continu de la MAP.<\/strong><\/p>\n<p><strong>Il a, en outre, rappel\u00e9 que \u201ccette quatri\u00e8me \u00e9dition du festival culturel au profit des d\u00e9tenus africains s\u2019inscrit dans le cadre du Festival international du cin\u00e9ma africain qui se tient actuellement \u00e0 Khouribga\u201d.<\/strong><\/p>\n<p><strong>De son c\u00f4t\u00e9, le directeur artistique du film \u201cAnnatto\u201d, Ameur Cherqui, a indiqu\u00e9 que \u201cla projection de ce long-m\u00e9trage \u00e0 la prison locale de Khouribga fait partie des activit\u00e9s tenues par les clubs cin\u00e9matographiques cr\u00e9\u00e9s par certaines institutions p\u00e9nitentiaires du Royaume\u201d, saluant cette initiative qui \u201crenforce et refl\u00e8te l\u2019attachement du Maroc \u00e0 ses racines africaines\u201d.<\/strong><\/p>\n<p><strong>\u201cCet \u00e9v\u00e8nement contribue \u00e0 apporter du bonheur et de la joie aux d\u00e9tenus et leur permet, pour un moment, de se sentir libres de leurs prisons, d\u2019avoir un nouveau regard sur la vie et aussi de renforcer le r\u00f4le de l\u2019institution p\u00e9nitentiaire dans l\u2019int\u00e9gration et la r\u00e9insertion des d\u00e9tenus\u201d, a-t-il soutenu.<\/strong><\/p>\n<p><strong>Il a soulign\u00e9 que le choix de la projection du film \u201cAnnatto\u201d \u00e0 cette occasion a \u00e9t\u00e9 fait en raison de sa dimension africaine, indiquant que le long-m\u00e9trage raconte une histoire qui s\u2019est d\u00e9roul\u00e9e entre le Maroc et l\u2019\u00eele de Saint Louis au S\u00e9n\u00e9gal et que \u201cla dimension africaine du Maroc est incarn\u00e9 dans les \u00e9v\u00e9nements du film\u201d.<\/strong><\/p>\n<p><strong>La 23\u00e8me \u00e9dition du FICAK, tenue sous le haut patronage de Sa Majest\u00e9 le Roi Mohammed VI du 6 au 13 mai, connait la participation de films issus de diff\u00e9rents pays arabes et africains.<\/strong><\/p>\n<p><strong>Cette grande f\u00eate annuelle du cin\u00e9ma africain c\u00e9l\u00e8bre le 7\u00e8me art et rend hommage aux productions cin\u00e9matographiques africaines. Elle permet \u00e9galement de promouvoir l\u2019image du Royaume et faire valoir ses sp\u00e9cificit\u00e9s, ses potentialit\u00e9s en mati\u00e8re de cin\u00e9ma et son interaction avec le cin\u00e9ma des pays africains.<\/strong><\/p>\n","protected":false},"excerpt":{"rendered":"<p>Khouribga \u2013 La prison locale de Khouribga a abrit\u00e9, jeudi, la 4\u00e8 \u00e9dition du Festival culturel au profit des d\u00e9tenus africains, tenue dans le cadre de la 23\u00e8me \u00e9dition du Festival international du cin\u00e9ma africain de Khouribga (FICAK). Organis\u00e9e par la Fondation du FFICAK en partenariat avec la D\u00e9l\u00e9gation g\u00e9n\u00e9rale \u00e0 l\u2019administration p\u00e9nitentiaire et de [&hellip;]<\/p>\n","protected":false},"author":2,"featured_media":31720,"comment_status":"open","ping_status":"open","sticky":false,"template":"","format":"standard","meta":[],"categories":[31,54],"tags":[1356,6377],"yst_prominent_words":[],"jetpack_featured_media_url":"https:\/\/le12.ma\/fr\/wp-content\/uploads\/2023\/05\/f5403a3a-5f14-4fb3-8c55-44e8394388b8.jpg","_links":{"self":[{"href":"https:\/\/le12.ma\/fr\/wp-json\/wp\/v2\/posts\/31718"}],"collection":[{"href":"https:\/\/le12.ma\/fr\/wp-json\/wp\/v2\/posts"}],"about":[{"href":"https:\/\/le12.ma\/fr\/wp-json\/wp\/v2\/types\/post"}],"author":[{"embeddable":true,"href":"https:\/\/le12.ma\/fr\/wp-json\/wp\/v2\/users\/2"}],"replies":[{"embeddable":true,"href":"https:\/\/le12.ma\/fr\/wp-json\/wp\/v2\/comments?post=31718"}],"version-history":[{"count":1,"href":"https:\/\/le12.ma\/fr\/wp-json\/wp\/v2\/posts\/31718\/revisions"}],"predecessor-version":[{"id":31721,"href":"https:\/\/le12.ma\/fr\/wp-json\/wp\/v2\/posts\/31718\/revisions\/31721"}],"wp:featuredmedia":[{"embeddable":true,"href":"https:\/\/le12.ma\/fr\/wp-json\/wp\/v2\/media\/31720"}],"wp:attachment":[{"href":"https:\/\/le12.ma\/fr\/wp-json\/wp\/v2\/media?parent=31718"}],"wp:term":[{"taxonomy":"category","embeddable":true,"href":"https:\/\/le12.ma\/fr\/wp-json\/wp\/v2\/categories?post=31718"},{"taxonomy":"post_tag","embeddable":true,"href":"https:\/\/le12.ma\/fr\/wp-json\/wp\/v2\/tags?post=31718"},{"taxonomy":"yst_prominent_words","embeddable":true,"href":"https:\/\/le12.ma\/fr\/wp-json\/wp\/v2\/yst_prominent_words?post=31718"}],"curies":[{"name":"wp","href":"https:\/\/api.w.org\/{rel}","templated":true}]}}