{"id":31634,"date":"2023-05-11T15:00:38","date_gmt":"2023-05-11T14:00:38","guid":{"rendered":"https:\/\/le12.ma\/fr\/?p=31634"},"modified":"2023-05-11T15:00:38","modified_gmt":"2023-05-11T14:00:38","slug":"ficak-2023-une-delegation-du-fespaco-rend-hommage-a-noureddine-sail","status":"publish","type":"post","link":"https:\/\/le12.ma\/fr\/ficak-2023-une-delegation-du-fespaco-rend-hommage-a-noureddine-sail\/","title":{"rendered":"FICAK 2023: Une d\u00e9l\u00e9gation du Fespaco rend hommage \u00e0 Noureddine Sail"},"content":{"rendered":"<h2><strong>Khouribga \u2013 Une d\u00e9l\u00e9gation du Festival Panafricain de Cin\u00e9ma et de T\u00e9l\u00e9vision de Ouagadougou \u201cFespaco\u201d a rendu hommage, mercredi soir, \u00e0 l\u2019ancien pr\u00e9sident de la fondation du <a href=\"https:\/\/en.wikipedia.org\/wiki\/Noureddine_Sa%C3%AFl\">Festival<\/a> international du cin\u00e9ma africain de Khouribga (FICAK), Noureddine Sail, et ce dans le cadre de la deuxi\u00e8me rencontre du \u201cCin\u00e9ma de minuit\u201d tenue en marge de la 23\u00e8me \u00e9dition du Festival.<\/strong><\/h2>\n<p><strong>Lors de cette rencontre, \u00e0 laquelle ont pris part le d\u00e9l\u00e9gu\u00e9 g\u00e9n\u00e9ral du Fespaco, Moussa Sawadogo ainsi que d\u2019autres membres du Festival, une \u201cstatuette de Noureddine Sail\u201d a \u00e9t\u00e9 remise au directeur du FICAK, Iz-Eddine Gourirran, indique un communiqu\u00e9 des organisateurs.<\/strong><\/p>\n<p><strong>S\u2019exprimant \u00e0 cette occasion, M. Sawadogo a mis en lumi\u00e8re la relation <a href=\"https:\/\/le12.ma\/fr\/festival-national-du-film-de-tanger-hommage-a-noureddine-sail\/\">historique<\/a> entre le FICAK et le FESPACO, soulignant que les deux festivals ont sign\u00e9 l\u2019ann\u00e9e derni\u00e8re un partenariat et que cette rencontre vient appuyer cet accord, ajoutent les organisateurs du FICAK.<\/strong><\/p>\n<p><strong>De son c\u00f4t\u00e9, l\u2019ancien D\u00e9l\u00e9gu\u00e9 G\u00e9n\u00e9ral du Fespaco, Ardiouma Soma a \u00e9voqu\u00e9 dans son allocution le r\u00f4le de Noureddine Sail et du FICAK dans le d\u00e9veloppement et l\u2019accompagnement du cin\u00e9ma et des cin\u00e9astes africains, et ce \u00e0 travers des accords de coproduction cin\u00e9matographique entre le Centre cin\u00e9matographique marocain (CCM) et certains pays africains, contribuant ainsi au d\u00e9veloppement de la filmographie africaine, indique-t-on.<\/strong><\/p>\n<p><strong> Soma, qui a re\u00e7u l\u2019ann\u00e9e derni\u00e8re un vibrant hommage du FICAK, a relev\u00e9 que ce Festival a fortement contribu\u00e9 \u00e0 faire conna\u00eetre le cin\u00e9ma et les cin\u00e9astes africains, ajoutant qu\u2019 il a \u00e9galement permis durant ces ann\u00e9es de pr\u00e9senter les productions cin\u00e9matographiques africaines de pionniers de l\u2019industrie mais \u00e9galement de jeunes cin\u00e9astes.<\/strong><\/p>\n<p><strong>Le \u201cCin\u00e9ma de minuit\u201d est consid\u00e9r\u00e9 comme l\u2019une des rencontres les plus importantes qui caract\u00e9risent le FICAK depuis des ann\u00e9es. Ce sont des rencontres ouvertes \u00e0 tous ceux qui travaillent dans le secteur du cin\u00e9ma au Royaume et au continent africain.<\/strong><\/p>\n<p><strong>Le FICAK, cette grande f\u00eate annuelle du cin\u00e9ma africain, c\u00e9l\u00e8bre le 7\u00e8me art et rend hommage aux productions cin\u00e9matographiques africaines. Il permet \u00e9galement de promouvoir l\u2019image du Royaume et faire valoir ses sp\u00e9cificit\u00e9s, ses potentialit\u00e9s en mati\u00e8re de cin\u00e9ma et son interaction avec le cin\u00e9ma des pays africains.<\/strong><\/p>\n","protected":false},"excerpt":{"rendered":"<p>Khouribga \u2013 Une d\u00e9l\u00e9gation du Festival Panafricain de Cin\u00e9ma et de T\u00e9l\u00e9vision de Ouagadougou \u201cFespaco\u201d a rendu hommage, mercredi soir, \u00e0 l\u2019ancien pr\u00e9sident de la fondation du Festival international du cin\u00e9ma africain de Khouribga (FICAK), Noureddine Sail, et ce dans le cadre de la deuxi\u00e8me rencontre du \u201cCin\u00e9ma de minuit\u201d tenue en marge de la [&hellip;]<\/p>\n","protected":false},"author":2,"featured_media":31635,"comment_status":"open","ping_status":"open","sticky":false,"template":"","format":"standard","meta":[],"categories":[31,54],"tags":[10522,10485],"yst_prominent_words":[172,1000,457,3162,165],"jetpack_featured_media_url":"https:\/\/le12.ma\/fr\/wp-content\/uploads\/2023\/05\/noureddine-sail-large.jpg","_links":{"self":[{"href":"https:\/\/le12.ma\/fr\/wp-json\/wp\/v2\/posts\/31634"}],"collection":[{"href":"https:\/\/le12.ma\/fr\/wp-json\/wp\/v2\/posts"}],"about":[{"href":"https:\/\/le12.ma\/fr\/wp-json\/wp\/v2\/types\/post"}],"author":[{"embeddable":true,"href":"https:\/\/le12.ma\/fr\/wp-json\/wp\/v2\/users\/2"}],"replies":[{"embeddable":true,"href":"https:\/\/le12.ma\/fr\/wp-json\/wp\/v2\/comments?post=31634"}],"version-history":[{"count":1,"href":"https:\/\/le12.ma\/fr\/wp-json\/wp\/v2\/posts\/31634\/revisions"}],"predecessor-version":[{"id":31636,"href":"https:\/\/le12.ma\/fr\/wp-json\/wp\/v2\/posts\/31634\/revisions\/31636"}],"wp:featuredmedia":[{"embeddable":true,"href":"https:\/\/le12.ma\/fr\/wp-json\/wp\/v2\/media\/31635"}],"wp:attachment":[{"href":"https:\/\/le12.ma\/fr\/wp-json\/wp\/v2\/media?parent=31634"}],"wp:term":[{"taxonomy":"category","embeddable":true,"href":"https:\/\/le12.ma\/fr\/wp-json\/wp\/v2\/categories?post=31634"},{"taxonomy":"post_tag","embeddable":true,"href":"https:\/\/le12.ma\/fr\/wp-json\/wp\/v2\/tags?post=31634"},{"taxonomy":"yst_prominent_words","embeddable":true,"href":"https:\/\/le12.ma\/fr\/wp-json\/wp\/v2\/yst_prominent_words?post=31634"}],"curies":[{"name":"wp","href":"https:\/\/api.w.org\/{rel}","templated":true}]}}