{"id":314,"date":"2020-07-17T12:18:27","date_gmt":"2020-07-17T11:18:27","guid":{"rendered":"https:\/\/le12.ma\/fr\/?p=314"},"modified":"2020-07-17T12:18:27","modified_gmt":"2020-07-17T11:18:27","slug":"covid19-93-nouveaux-cas-confirmes-au-maroc-16-638-au-total","status":"publish","type":"post","link":"https:\/\/le12.ma\/fr\/covid19-93-nouveaux-cas-confirmes-au-maroc-16-638-au-total\/","title":{"rendered":"Covid19: 93 nouveaux cas confirm\u00e9s au Maroc, 16.638 au total"},"content":{"rendered":"<div class=\"\" data-block=\"true\" data-editor=\"o87a\" data-offset-key=\"8tq7c-0-0\"><\/div>\n<div class=\"\" data-block=\"true\" data-editor=\"o87a\" data-offset-key=\"ai9t-0-0\">\n<div class=\"_1mf _1mj\" data-offset-key=\"ai9t-0-0\"><strong><span style=\"color: #ff0000;\">Rabat \u2013 <span class=\"diy96o5h\" spellcheck=\"false\" data-offset-key=\"ev0q9-1-0\">le12<\/span><\/span><\/strong><\/div>\n<div data-offset-key=\"ai9t-0-0\"><\/div>\n<\/div>\n<div class=\"\" data-block=\"true\" data-editor=\"o87a\" data-offset-key=\"dnfu-0-0\">\n<div class=\"_1mf _1mj\" data-offset-key=\"dnfu-0-0\"><strong><span style=\"color: #000000;\" data-offset-key=\"dnfu-0-0\">Quatre-vingt-treize (93) nouveaux cas d\u2019infection au nouveau coronavirus (Covid-19) ont \u00e9t\u00e9 confirm\u00e9s au Maroc jusqu\u2019\u00e0 vendredi \u00e0 10h00, portant \u00e0 16.638 le nombre total des cas de contamination, annonce le minist\u00e8re de la Sant\u00e9.<\/span><\/strong><\/div>\n<\/div>\n<div class=\"\" data-block=\"true\" data-editor=\"o87a\" data-offset-key=\"4329h-0-0\">\n<div class=\"_1mf _1mj\" data-offset-key=\"4329h-0-0\"><strong><span style=\"color: #000000;\" data-offset-key=\"4329h-0-0\">Le nombre de cas gu\u00e9ris s\u2019\u00e9l\u00e8ve \u00e0 14.175 avec 210 nouvelles r\u00e9missions, alors que celui des d\u00e9c\u00e8s reste \u00e0 263 cas.<\/span><\/strong><\/div>\n<\/div>\n<div class=\"\" data-block=\"true\" data-editor=\"o87a\" data-offset-key=\"anqu6-0-0\">\n<div class=\"_1mf _1mj\" data-offset-key=\"anqu6-0-0\"><strong><span style=\"color: #000000;\" data-offset-key=\"anqu6-0-0\">Par ailleurs, le nombre des cas exclus apr\u00e8s des r\u00e9sultats n\u00e9gatifs d\u2019analyses effectu\u00e9es au laboratoire s\u2019\u00e9tablit \u00e0 945.862, selon la m\u00eame source.<\/span><\/strong><\/div>\n<\/div>\n<div class=\"\" data-block=\"true\" data-editor=\"o87a\" data-offset-key=\"enrdi-0-0\">\n<div class=\"_1mf _1mj\" data-offset-key=\"enrdi-0-0\"><strong><span style=\"color: #000000;\" data-offset-key=\"enrdi-0-0\">Le minist\u00e8re invite les citoyens \u00e0 respecter les r\u00e8gles d\u2019hygi\u00e8ne et de s\u00e9curit\u00e9 sanitaire ainsi que les mesures pr\u00e9ventives \u00e9dict\u00e9es par les autorit\u00e9s marocaines, en faisant preuve de responsabilit\u00e9 et de patriotisme.<\/span><\/strong><\/div>\n<\/div>\n<div class=\"\" data-block=\"true\" data-editor=\"o87a\" data-offset-key=\"ck5jn-0-0\"><\/div>\n","protected":false},"excerpt":{"rendered":"<p>Rabat \u2013 le12 Quatre-vingt-treize (93) nouveaux cas d\u2019infection au nouveau coronavirus (Covid-19) ont \u00e9t\u00e9 confirm\u00e9s au Maroc jusqu\u2019\u00e0 vendredi \u00e0 10h00, portant \u00e0 16.638 le nombre total des cas de contamination, annonce le minist\u00e8re de la Sant\u00e9. Le nombre de cas gu\u00e9ris s\u2019\u00e9l\u00e8ve \u00e0 14.175 avec 210 nouvelles r\u00e9missions, alors que celui des d\u00e9c\u00e8s reste [&hellip;]<\/p>\n","protected":false},"author":3,"featured_media":315,"comment_status":"open","ping_status":"open","sticky":false,"template":"","format":"standard","meta":[],"categories":[28,24],"tags":[248,182,768],"yst_prominent_words":[148,568],"jetpack_featured_media_url":"https:\/\/le12.ma\/fr\/wp-content\/uploads\/2020\/07\/BILAN-9.jpg","_links":{"self":[{"href":"https:\/\/le12.ma\/fr\/wp-json\/wp\/v2\/posts\/314"}],"collection":[{"href":"https:\/\/le12.ma\/fr\/wp-json\/wp\/v2\/posts"}],"about":[{"href":"https:\/\/le12.ma\/fr\/wp-json\/wp\/v2\/types\/post"}],"author":[{"embeddable":true,"href":"https:\/\/le12.ma\/fr\/wp-json\/wp\/v2\/users\/3"}],"replies":[{"embeddable":true,"href":"https:\/\/le12.ma\/fr\/wp-json\/wp\/v2\/comments?post=314"}],"version-history":[{"count":1,"href":"https:\/\/le12.ma\/fr\/wp-json\/wp\/v2\/posts\/314\/revisions"}],"predecessor-version":[{"id":316,"href":"https:\/\/le12.ma\/fr\/wp-json\/wp\/v2\/posts\/314\/revisions\/316"}],"wp:featuredmedia":[{"embeddable":true,"href":"https:\/\/le12.ma\/fr\/wp-json\/wp\/v2\/media\/315"}],"wp:attachment":[{"href":"https:\/\/le12.ma\/fr\/wp-json\/wp\/v2\/media?parent=314"}],"wp:term":[{"taxonomy":"category","embeddable":true,"href":"https:\/\/le12.ma\/fr\/wp-json\/wp\/v2\/categories?post=314"},{"taxonomy":"post_tag","embeddable":true,"href":"https:\/\/le12.ma\/fr\/wp-json\/wp\/v2\/tags?post=314"},{"taxonomy":"yst_prominent_words","embeddable":true,"href":"https:\/\/le12.ma\/fr\/wp-json\/wp\/v2\/yst_prominent_words?post=314"}],"curies":[{"name":"wp","href":"https:\/\/api.w.org\/{rel}","templated":true}]}}