{"id":31025,"date":"2023-04-03T23:10:35","date_gmt":"2023-04-03T23:10:35","guid":{"rendered":"https:\/\/le12.ma\/fr\/?p=31025"},"modified":"2023-04-03T23:12:14","modified_gmt":"2023-04-03T23:12:14","slug":"le-choeur-philarmonique-du-maroc-se-produit-en-a-cappella","status":"publish","type":"post","link":"https:\/\/le12.ma\/fr\/le-choeur-philarmonique-du-maroc-se-produit-en-a-cappella\/","title":{"rendered":"Le Ch\u0153ur Philarmonique du Maroc se produit en \u00ab A Cappella \u00bb"},"content":{"rendered":"<h2 class=\"p2\"><span style=\"color: #000000;\"><strong><span class=\"s1\">L\u2019Ambassade d\u2019Italie au Maroc, en collaboration avec l\u2019Institut Culturel Italien \u00e0 Rabat, la Fondation Tenor pour la Culture et l\u2019Orchestre Philharmonique du Maroc, a l\u2019honneur d\u2019annoncer la prochaine tourn\u00e9e du Ch\u0153ur Philarmonique du Maroc, intitul\u00e9 \u00ab A Cappella \u00bb.<\/span><\/strong><\/span><\/h2>\n<p class=\"p2\"><strong><span class=\"s1\">Apr\u00e8s le succ\u00e8s de l\u2019op\u00e9ra \u00ab Norma \u00bb et de la \u00ab Semaine de la Musique italienne \u00bb, l&rsquo;Ambassade d&rsquo;Italie et l&rsquo;Institut Culturel Italien renouvellent le partenariat avec la Fondation Tenor et l\u2019Orchestre Philarmonique du Maroc afin d&rsquo;offrir au public marocain le meilleur de la tradition artistique italienne du plus haut niveau.<\/span><\/strong><\/p>\n<p class=\"p2\"><strong><span class=\"s1\">L\u2019initiative se d\u00e9roulera du 9 au 12 avril 2023 dans trois importantes villes marocaines. La premi\u00e8re \u00e9tape sera le 9 avril \u00e0 Meknes \u00e0 l\u2019Institut Culturel Fran\u00e7ais, la deuxi\u00e8me le 11 avril \u00e0 Rabat \u00e0 la Cath\u00e9drale Saint-Pierre et la troisi\u00e8me le 12 avril \u00e0 Casablanca au Complexe culturel Mohamed Zefzaf. Selon un communiqu\u00e9 de presse.<\/span><\/strong><\/p>\n<p class=\"p2\"><strong><span class=\"s1\">Le Ch\u0153ur Philarmonique du Maroc regroupe plus de cinquante choristes semi- professionnels, qui ont \u00e9tudi\u00e9 dans divers et prestigieux conservatoires nationaux et internationaux et partagent une passion pour le chant et la polyphonie. Parmi les voix, il y a Giulia Quarta, originaire de Turin, o\u00f9 elle a \u00e9tudi\u00e9 la musique classique et le piano.<\/span><\/strong><\/p>\n<p class=\"p2\"><strong><span class=\"s1\">Les billets sont disponibles en ligne sur le site officiel de l&rsquo;Orchestre Philarmonique du Maroc, \u00e0 la section \u00ab billetterie \u00bb (https:\/\/www.opm.ma\/billetterie).<\/span><\/strong><\/p>\n<p class=\"p2\"><span style=\"color: #ff0000;\"><strong><span class=\"s1\">DATES ET LIEUX\u00a0:<\/span><\/strong><\/span><\/p>\n<p class=\"p2\"><strong><span class=\"s1\">Mekn\u00e8s \u2013 Institut fran\u00e7ais\u00a0: Dimanche 9 avril 2023 \u2013 21h30<\/span><\/strong><\/p>\n<p class=\"p2\"><strong><span class=\"s1\">Rabat \u2013 Cath\u00e9drale Saint-pierre\u00a0: Mardi 11 avril 2023 \u2013 21h30<\/span><\/strong><\/p>\n<p class=\"p2\"><strong><span class=\"s1\">Casablanca \u2013 Complexe culturel Mohamed Zefzaf\u00a0: Mercredi 12 avril 2023 \u2013 21h30<\/span><\/strong><\/p>\n<p class=\"p2\"><span style=\"color: #ff0000;\"><strong><span class=\"s1\">Tarif:<\/span><\/strong><\/span><\/p>\n<p class=\"p2\"><strong><span class=\"s1\">Cat1 : 150 dhs<\/span><\/strong><\/p>\n<p class=\"p2\"><strong><span class=\"s1\">Cat2 : 100 dhs<\/span><\/strong><\/p>\n<p class=\"p2\"><strong><span class=\"s1\">Etudiant : 50 dhs<\/span><\/strong><\/p>\n<p class=\"p2\"><strong><span class=\"s1\">Tarif &#8211; M\u00e9knes<\/span><\/strong><\/p>\n<p class=\"p2\"><strong><span class=\"s1\">Cat1 : 100 dhs<\/span><\/strong><\/p>\n<p class=\"p2\"><strong><span class=\"s1\">Etudiant : 50 dhs<\/span><\/strong><\/p>\n","protected":false},"excerpt":{"rendered":"<p>L\u2019Ambassade d\u2019Italie au Maroc, en collaboration avec l\u2019Institut Culturel Italien \u00e0 Rabat, la Fondation Tenor pour la Culture et l\u2019Orchestre Philharmonique du Maroc, a l\u2019honneur d\u2019annoncer la prochaine tourn\u00e9e du Ch\u0153ur Philarmonique du Maroc, intitul\u00e9 \u00ab A Cappella \u00bb. Apr\u00e8s le succ\u00e8s de l\u2019op\u00e9ra \u00ab Norma \u00bb et de la \u00ab Semaine de la Musique [&hellip;]<\/p>\n","protected":false},"author":2,"featured_media":31028,"comment_status":"open","ping_status":"open","sticky":false,"template":"","format":"standard","meta":[],"categories":[31],"tags":[10834],"yst_prominent_words":[],"jetpack_featured_media_url":"https:\/\/le12.ma\/fr\/wp-content\/uploads\/2023\/04\/0EF7D681-C391-4CAC-B502-6453BED0093B.webp","_links":{"self":[{"href":"https:\/\/le12.ma\/fr\/wp-json\/wp\/v2\/posts\/31025"}],"collection":[{"href":"https:\/\/le12.ma\/fr\/wp-json\/wp\/v2\/posts"}],"about":[{"href":"https:\/\/le12.ma\/fr\/wp-json\/wp\/v2\/types\/post"}],"author":[{"embeddable":true,"href":"https:\/\/le12.ma\/fr\/wp-json\/wp\/v2\/users\/2"}],"replies":[{"embeddable":true,"href":"https:\/\/le12.ma\/fr\/wp-json\/wp\/v2\/comments?post=31025"}],"version-history":[{"count":2,"href":"https:\/\/le12.ma\/fr\/wp-json\/wp\/v2\/posts\/31025\/revisions"}],"predecessor-version":[{"id":31029,"href":"https:\/\/le12.ma\/fr\/wp-json\/wp\/v2\/posts\/31025\/revisions\/31029"}],"wp:featuredmedia":[{"embeddable":true,"href":"https:\/\/le12.ma\/fr\/wp-json\/wp\/v2\/media\/31028"}],"wp:attachment":[{"href":"https:\/\/le12.ma\/fr\/wp-json\/wp\/v2\/media?parent=31025"}],"wp:term":[{"taxonomy":"category","embeddable":true,"href":"https:\/\/le12.ma\/fr\/wp-json\/wp\/v2\/categories?post=31025"},{"taxonomy":"post_tag","embeddable":true,"href":"https:\/\/le12.ma\/fr\/wp-json\/wp\/v2\/tags?post=31025"},{"taxonomy":"yst_prominent_words","embeddable":true,"href":"https:\/\/le12.ma\/fr\/wp-json\/wp\/v2\/yst_prominent_words?post=31025"}],"curies":[{"name":"wp","href":"https:\/\/api.w.org\/{rel}","templated":true}]}}