{"id":3102,"date":"2020-09-04T17:21:09","date_gmt":"2020-09-04T16:21:09","guid":{"rendered":"https:\/\/le12.ma\/fr\/?p=3102"},"modified":"2020-09-04T17:21:09","modified_gmt":"2020-09-04T16:21:09","slug":"covid-19-annulation-de-la-19e-edition-du-festival-international-du-film-de-marrakech","status":"publish","type":"post","link":"https:\/\/le12.ma\/fr\/covid-19-annulation-de-la-19e-edition-du-festival-international-du-film-de-marrakech\/","title":{"rendered":"Covid-19: annulation de la 19\u00e9 \u00e9dition du Festival International du Film de Marrakech"},"content":{"rendered":"<p><span style=\"color: #ff0000;\"><strong>Rabat \u2013 le12<\/strong><\/span><\/p>\n<p><strong>La Fondation du Festival International du Film de Marrakech a annonc\u00e9, vendredi, l\u2019annulation de la 19\u00e9me \u00e9dition de ce Festival, pr\u00e9vue initialement en novembre prochain, et ce en raison de la crise sanitaire li\u00e9e \u00e0 la pand\u00e9mie de Covid-19.<\/strong><\/p>\n<p><strong>\u201cEn raison de la crise sanitaire li\u00e9e \u00e0 la pand\u00e9mie due \u00e0 la Covid19, de son \u00e9volution pr\u00e9occupante de par le monde et des incertitudes qu\u2019elle g\u00e9n\u00e8re, la Fondation du Festival International du Film de Marrakech a d\u00e9cid\u00e9 l\u2019annulation de la 19\u00e9me \u00e9dition du Festival International du Film de Marrakech, pr\u00e9vue initialement en novembre 2020\u201d, a pr\u00e9cis\u00e9 la Fondation dans un communiqu\u00e9.<\/strong><\/p>\n","protected":false},"excerpt":{"rendered":"<p>Rabat \u2013 le12 La Fondation du Festival International du Film de Marrakech a annonc\u00e9, vendredi, l\u2019annulation de la 19\u00e9me \u00e9dition de ce Festival, pr\u00e9vue initialement en novembre prochain, et ce en raison de la crise sanitaire li\u00e9e \u00e0 la pand\u00e9mie de Covid-19. \u201cEn raison de la crise sanitaire li\u00e9e \u00e0 la pand\u00e9mie due \u00e0 la [&hellip;]<\/p>\n","protected":false},"author":4,"featured_media":3103,"comment_status":"open","ping_status":"open","sticky":false,"template":"","format":"standard","meta":[],"categories":[26,31],"tags":[],"yst_prominent_words":[167,5759,5761,4142,4138,5767,5756],"jetpack_featured_media_url":"https:\/\/le12.ma\/fr\/wp-content\/uploads\/2020\/09\/FESTIVAL_MARRAKESH_221116.jpg","_links":{"self":[{"href":"https:\/\/le12.ma\/fr\/wp-json\/wp\/v2\/posts\/3102"}],"collection":[{"href":"https:\/\/le12.ma\/fr\/wp-json\/wp\/v2\/posts"}],"about":[{"href":"https:\/\/le12.ma\/fr\/wp-json\/wp\/v2\/types\/post"}],"author":[{"embeddable":true,"href":"https:\/\/le12.ma\/fr\/wp-json\/wp\/v2\/users\/4"}],"replies":[{"embeddable":true,"href":"https:\/\/le12.ma\/fr\/wp-json\/wp\/v2\/comments?post=3102"}],"version-history":[{"count":1,"href":"https:\/\/le12.ma\/fr\/wp-json\/wp\/v2\/posts\/3102\/revisions"}],"predecessor-version":[{"id":3104,"href":"https:\/\/le12.ma\/fr\/wp-json\/wp\/v2\/posts\/3102\/revisions\/3104"}],"wp:featuredmedia":[{"embeddable":true,"href":"https:\/\/le12.ma\/fr\/wp-json\/wp\/v2\/media\/3103"}],"wp:attachment":[{"href":"https:\/\/le12.ma\/fr\/wp-json\/wp\/v2\/media?parent=3102"}],"wp:term":[{"taxonomy":"category","embeddable":true,"href":"https:\/\/le12.ma\/fr\/wp-json\/wp\/v2\/categories?post=3102"},{"taxonomy":"post_tag","embeddable":true,"href":"https:\/\/le12.ma\/fr\/wp-json\/wp\/v2\/tags?post=3102"},{"taxonomy":"yst_prominent_words","embeddable":true,"href":"https:\/\/le12.ma\/fr\/wp-json\/wp\/v2\/yst_prominent_words?post=3102"}],"curies":[{"name":"wp","href":"https:\/\/api.w.org\/{rel}","templated":true}]}}