{"id":31003,"date":"2023-04-01T12:26:30","date_gmt":"2023-04-01T12:26:30","guid":{"rendered":"https:\/\/le12.ma\/fr\/?p=31003"},"modified":"2023-04-01T12:26:30","modified_gmt":"2023-04-01T12:26:30","slug":"93-candidats-prennent-part-a-la-phase-finale-du-4eme-concours-de-memorisation-du-saint-coran","status":"publish","type":"post","link":"https:\/\/le12.ma\/fr\/93-candidats-prennent-part-a-la-phase-finale-du-4eme-concours-de-memorisation-du-saint-coran\/","title":{"rendered":"93 candidats prennent part \u00e0 la phase finale du 4\u00e8me concours de m\u00e9morisation du Saint Coran"},"content":{"rendered":"<h2><strong>Quatre-vingt treize \u00a0<a href=\"https:\/\/www.mapexpress.ma\/actualite\/societe-et-regions\/fes-93-candidats-prennent-part-phase-finale-du-4eme-concours-memorisation-du-saint-coran\/\">candidats<\/a> et candidates, repr\u00e9sentant 34 pays africains, participent \u00e0 la phase finale de la 4\u00e8me \u00e9dition du concours de la Fondation Mohammed VI des Oulema Africains de m\u00e9morisation, de r\u00e9citation et de psalmodie du Saint Coran, qui se d\u00e9roulera en visioconf\u00e9rence, du 1er au 3 avril \u00e0 F\u00e8s.<\/strong><\/h2>\n<p><strong>Les participants \u00e0 cette finale se disputeront les premi\u00e8res places dans les trois cat\u00e9gories du concours, \u00e0 savoir la cat\u00e9gorie de <a href=\"https:\/\/le12.ma\/fr\/arabie-saoudite-un-marocain-classe-1er-au-concours-international-de-recitation-du-coran\/\">m\u00e9morisation<\/a> de l\u2019int\u00e9gralit\u00e9 du Saint Coran avec la r\u00e9citation selon la lecture Warch an Nafi\u00e2, la cat\u00e9gorie de m\u00e9morisation de l\u2019int\u00e9gralit\u00e9 du Saint Coran avec la r\u00e9citation selon la lecture choisie par le candidat et la cat\u00e9gorie de psalmodie (Tajwid) avec m\u00e9morisation d\u2019au moins 5 Hizbs du Saint Coran, a-t-on pr\u00e9cis\u00e9 lors d\u2019une conf\u00e9rence de presse tenue, vendredi \u00e0 F\u00e8s, par la Fondation.<\/strong><\/p>\n<p><strong>Un jury compos\u00e9 d\u2019Oulema et de psalmodieurs du Maroc, de la Mauritanie, du S\u00e9n\u00e9gal, du Nigeria, de la Tanzanie, du Soudan, du Gabon et de Centrafrique, veillera au contr\u00f4le et \u00e0 l\u2019\u00e9valuation des candidats.<\/strong><\/p>\n<p><strong>En coordination avec une \u00e9quipe technique depuis F\u00e8s, des techniciens africains sp\u00e9cialis\u00e9s en techniques de communication, ayant b\u00e9n\u00e9fici\u00e9 d\u2019une formation en la mati\u00e8re, organis\u00e9e par le Secr\u00e9tariat G\u00e9n\u00e9ral de la Fondation \u00e0 F\u00e8s et \u00e0 Dakar en 2021, veilleront \u00e0 la couverture et \u00e0 la transmission des diff\u00e9rentes \u00e9tapes de ce concours en visioconf\u00e9rence.<\/strong><\/p>\n<p><strong>En collaboration avec l\u2019ensemble de ses sections en Afrique, le Secr\u00e9tariat G\u00e9n\u00e9ral de la Fondation avait organis\u00e9, durant les mois de janvier et f\u00e9vrier 2023, les phases \u00e9liminatoires de la 4\u00e8me \u00e9dition qui ont permis de s\u00e9lectionner 93 candidats et candidates (dont 11 filles) qui vont repr\u00e9senter les 34 sections de la Fondation au concours final.<\/strong><\/p>\n<p><strong>Lors de la conf\u00e9rence de presse, le Secr\u00e9taire g\u00e9n\u00e9ral de la Fondation Mohammed VI des Oul\u00e9ma africains, Mohamed Rafiki, a soulign\u00e9 que le concours du Saint Coran traduit la haute sollicitude dont SM le Roi Mohammed VI entoure les Oul\u00e9mas africains et les m\u00e9morisateurs du Saint Coran.<\/strong><\/p>\n<p><strong>Il a, \u00e0 cet \u00e9gard, indiqu\u00e9 que les phases \u00e9liminatoires de la 4\u00e8me \u00e9dition du concours se sont d\u00e9roul\u00e9es dans une atmosph\u00e8re empreinte d\u2019enthousiasme et ont vu la participation de nombreux candidats parlant diff\u00e9rentes langues, y compris les langues officielles de la Fondation (arabe, anglais, fran\u00e7ais et portugais).<\/strong><\/p>\n<p><strong>Et d\u2019ajouter que le Secr\u00e9tariat g\u00e9n\u00e9ral de la Fondation s\u2019est efforc\u00e9 de r\u00e9unir toutes les conditions de ces phases \u00e9liminatoires ouvertes devant les jeunes \u00e2g\u00e9s de 12 \u00e0 40 ans.<\/strong><\/p>\n<p><strong>De son c\u00f4t\u00e9, le coordinateur g\u00e9n\u00e9ral du concours et expert charg\u00e9 de mission aupr\u00e8s de la Fondation Mohammed VI des Oul\u00e9mas africains, Mohamed Maghraoui a indiqu\u00e9 \u00e0 la presse, que le concours final a \u00e9t\u00e9 pr\u00e9c\u00e9d\u00e9 de phases \u00e9liminatoires qui se sont d\u00e9roul\u00e9es durant le mois de janvier dernier dans 34 pays africains, ce qui a abouti \u00e0 la s\u00e9lection de 93 candidats, dont 11 candidates.<\/strong><\/p>\n<p><strong>Il a soulign\u00e9 que la Fondation a \u201cbien assur\u00e9 les pr\u00e9paratifs de cette 4\u00e8me \u00e9dition et mis \u00e0 la disposition de toutes les sections les crit\u00e8res et normes d\u2019organisation du concours, qui a \u00e9t\u00e9 supervis\u00e9 par des Oul\u00e9mas et des sp\u00e9cialistes en m\u00e9morisation du Saint Coran\u201d, le but \u00e9tant, selon lui, d\u2019unifier la m\u00e9thode de travail pour les jurys de toutes les sections.<\/strong><\/p>\n<p><strong>\u00c0 travers ce concours, la Fondation aspire \u00e0 raffermir l\u2019int\u00e9r\u00eat des jeunes musulmans africains \u00e0 l\u2019\u00e9gard du Saint Coran, et \u00e0 les encourager \u00e9galement \u00e0 proc\u00e9der \u00e0 sa m\u00e9morisation, sa r\u00e9citation et sa psalmodie.<\/strong><\/p>\n<p><strong>Son organisation en distanciel cette ann\u00e9e, permettra une participation plus efficace des sections aux activit\u00e9s de la Fondation, et permettra \u00e0 cette derni\u00e8re de s\u2019ouvrir sur l\u2019ensemble des composantes sociales des pays africains.<\/strong><\/p>\n<p><strong>A rappeler que la premi\u00e8re \u00e9dition de ce concours a \u00e9t\u00e9 organis\u00e9e \u00e0 F\u00e8s. Quant \u00e0 la seconde \u00e9dition, elle fut organis\u00e9e en distanciel, Covid19 oblige, \u00e0 partir de F\u00e8s, avec une grande c\u00e9r\u00e9monie de remise des prix aux laur\u00e9ats sur l\u2019esplanade de la grande Mosqu\u00e9e de Dakar.<\/strong><\/p>\n<p><strong>La troisi\u00e8me \u00e9dition, elle, fut organis\u00e9e \u00e0 la Mosqu\u00e9e Mohammad VI \u00e0 Dar Es-salam en R\u00e9publique f\u00e9d\u00e9rale de Tanzanie, avec 86 participants et participantes en \u00e9t\u00e9 2022.<\/strong><\/p>\n","protected":false},"excerpt":{"rendered":"<p>Quatre-vingt treize \u00a0candidats et candidates, repr\u00e9sentant 34 pays africains, participent \u00e0 la phase finale de la 4\u00e8me \u00e9dition du concours de la Fondation Mohammed VI des Oulema Africains de m\u00e9morisation, de r\u00e9citation et de psalmodie du Saint Coran, qui se d\u00e9roulera en visioconf\u00e9rence, du 1er au 3 avril \u00e0 F\u00e8s. Les participants \u00e0 cette finale [&hellip;]<\/p>\n","protected":false},"author":2,"featured_media":31004,"comment_status":"open","ping_status":"open","sticky":false,"template":"","format":"standard","meta":[],"categories":[31,54],"tags":[10831,10662],"yst_prominent_words":[1900,1490,165],"jetpack_featured_media_url":"https:\/\/le12.ma\/fr\/wp-content\/uploads\/2023\/04\/declamation-du-Saint-Coran.jpg","_links":{"self":[{"href":"https:\/\/le12.ma\/fr\/wp-json\/wp\/v2\/posts\/31003"}],"collection":[{"href":"https:\/\/le12.ma\/fr\/wp-json\/wp\/v2\/posts"}],"about":[{"href":"https:\/\/le12.ma\/fr\/wp-json\/wp\/v2\/types\/post"}],"author":[{"embeddable":true,"href":"https:\/\/le12.ma\/fr\/wp-json\/wp\/v2\/users\/2"}],"replies":[{"embeddable":true,"href":"https:\/\/le12.ma\/fr\/wp-json\/wp\/v2\/comments?post=31003"}],"version-history":[{"count":1,"href":"https:\/\/le12.ma\/fr\/wp-json\/wp\/v2\/posts\/31003\/revisions"}],"predecessor-version":[{"id":31005,"href":"https:\/\/le12.ma\/fr\/wp-json\/wp\/v2\/posts\/31003\/revisions\/31005"}],"wp:featuredmedia":[{"embeddable":true,"href":"https:\/\/le12.ma\/fr\/wp-json\/wp\/v2\/media\/31004"}],"wp:attachment":[{"href":"https:\/\/le12.ma\/fr\/wp-json\/wp\/v2\/media?parent=31003"}],"wp:term":[{"taxonomy":"category","embeddable":true,"href":"https:\/\/le12.ma\/fr\/wp-json\/wp\/v2\/categories?post=31003"},{"taxonomy":"post_tag","embeddable":true,"href":"https:\/\/le12.ma\/fr\/wp-json\/wp\/v2\/tags?post=31003"},{"taxonomy":"yst_prominent_words","embeddable":true,"href":"https:\/\/le12.ma\/fr\/wp-json\/wp\/v2\/yst_prominent_words?post=31003"}],"curies":[{"name":"wp","href":"https:\/\/api.w.org\/{rel}","templated":true}]}}