{"id":30772,"date":"2023-03-16T12:32:12","date_gmt":"2023-03-16T11:32:12","guid":{"rendered":"https:\/\/le12.ma\/fr\/?p=30772"},"modified":"2023-03-16T12:32:12","modified_gmt":"2023-03-16T11:32:12","slug":"bcij-interpellation-dun-partisan-de-daesh-a-safi","status":"publish","type":"post","link":"https:\/\/le12.ma\/fr\/bcij-interpellation-dun-partisan-de-daesh-a-safi\/","title":{"rendered":"BCIJ: interpellation d&rsquo;un partisan de Daesh a Safi"},"content":{"rendered":"<h2><strong>Les \u00e9l\u00e9ments de la police judiciaire de Safi ont interpell\u00e9, mercredi, sur la base de renseignements d\u00e9taill\u00e9s fournis par les services de la Direction g\u00e9n\u00e9rale de la Surveillance du Territoire (DGST), un \u00e9l\u00e9ment extr\u00e9miste partisan de l\u2019organisation \u00ab\u00a0Daesh\u00a0\u00bb pr\u00e9sum\u00e9 impliqu\u00e9 dans la pr\u00e9paration de l\u2019ex\u00e9cution d\u2019un plan terroriste dans le cadre d\u2019un projet individuel visant \u00e0 porter gravement atteinte \u00e0 l\u2019ordre public.<\/strong><\/h2>\n<p><strong>Les enqu\u00eates men\u00e9es ont r\u00e9v\u00e9l\u00e9 que le mis en cause avait pr\u00eat\u00e9 all\u00e9geance au pr\u00e9tendu \u00e9mir de l\u2019organisation Daesh, indique jeudi un communiqu\u00e9 du Bureau central d&rsquo;Investigations judiciaires (BCIJ), pr\u00e9cisant qu\u2019il a adh\u00e9r\u00e9 de mani\u00e8re effective aux actes de pr\u00e9paration pour rep\u00e9rer et identifier les cibles de son plan criminel, en l&rsquo;occurrence des fonctionnaires, en ayant recours aux modes op\u00e9rationnels des loups solitaires.<\/strong><\/p>\n<p><strong>Les perquisitions men\u00e9es au domicile du suspect ont permis la saisie d\u2019une vid\u00e9o contenant sa pr\u00e9tendue all\u00e9geance \u00e0 l\u2019organisation Daesh et faisant part de son intention de rejoindre les camps de combats de ladite organisation.<\/strong><\/p>\n<p><strong>Le pr\u00e9venu sera d\u00e9f\u00e9r\u00e9 devant la justice \u00e0 l\u2019issue de la proc\u00e9dure d\u2019enqu\u00eate men\u00e9e par le BCIJ sous la supervision du Parquet en charge des affaires du terrorisme et d\u2019extr\u00e9misme, conclut le communiqu\u00e9.<\/strong><\/p>\n","protected":false},"excerpt":{"rendered":"<p>Les \u00e9l\u00e9ments de la police judiciaire de Safi ont interpell\u00e9, mercredi, sur la base de renseignements d\u00e9taill\u00e9s fournis par les services de la Direction g\u00e9n\u00e9rale de la Surveillance du Territoire (DGST), un \u00e9l\u00e9ment extr\u00e9miste partisan de l\u2019organisation \u00ab\u00a0Daesh\u00a0\u00bb pr\u00e9sum\u00e9 impliqu\u00e9 dans la pr\u00e9paration de l\u2019ex\u00e9cution d\u2019un plan terroriste dans le cadre d\u2019un projet individuel visant [&hellip;]<\/p>\n","protected":false},"author":2,"featured_media":29032,"comment_status":"open","ping_status":"open","sticky":false,"template":"","format":"standard","meta":[],"categories":[54,24],"tags":[7025],"yst_prominent_words":[145,341,2932,1254],"jetpack_featured_media_url":"https:\/\/le12.ma\/fr\/wp-content\/uploads\/2022\/10\/\u0627\u0644\u0628\u0633\u064a\u062c-\u062f\u0627\u0639\u0634.jpg","_links":{"self":[{"href":"https:\/\/le12.ma\/fr\/wp-json\/wp\/v2\/posts\/30772"}],"collection":[{"href":"https:\/\/le12.ma\/fr\/wp-json\/wp\/v2\/posts"}],"about":[{"href":"https:\/\/le12.ma\/fr\/wp-json\/wp\/v2\/types\/post"}],"author":[{"embeddable":true,"href":"https:\/\/le12.ma\/fr\/wp-json\/wp\/v2\/users\/2"}],"replies":[{"embeddable":true,"href":"https:\/\/le12.ma\/fr\/wp-json\/wp\/v2\/comments?post=30772"}],"version-history":[{"count":2,"href":"https:\/\/le12.ma\/fr\/wp-json\/wp\/v2\/posts\/30772\/revisions"}],"predecessor-version":[{"id":30774,"href":"https:\/\/le12.ma\/fr\/wp-json\/wp\/v2\/posts\/30772\/revisions\/30774"}],"wp:featuredmedia":[{"embeddable":true,"href":"https:\/\/le12.ma\/fr\/wp-json\/wp\/v2\/media\/29032"}],"wp:attachment":[{"href":"https:\/\/le12.ma\/fr\/wp-json\/wp\/v2\/media?parent=30772"}],"wp:term":[{"taxonomy":"category","embeddable":true,"href":"https:\/\/le12.ma\/fr\/wp-json\/wp\/v2\/categories?post=30772"},{"taxonomy":"post_tag","embeddable":true,"href":"https:\/\/le12.ma\/fr\/wp-json\/wp\/v2\/tags?post=30772"},{"taxonomy":"yst_prominent_words","embeddable":true,"href":"https:\/\/le12.ma\/fr\/wp-json\/wp\/v2\/yst_prominent_words?post=30772"}],"curies":[{"name":"wp","href":"https:\/\/api.w.org\/{rel}","templated":true}]}}