{"id":30722,"date":"2023-03-11T14:25:18","date_gmt":"2023-03-11T13:25:18","guid":{"rendered":"https:\/\/le12.ma\/fr\/?p=30722"},"modified":"2023-03-11T14:25:18","modified_gmt":"2023-03-11T13:25:18","slug":"encg-settat-la-6eme-edition-de-the-pitch-aura-lieu-le-18-mars","status":"publish","type":"post","link":"https:\/\/le12.ma\/fr\/encg-settat-la-6eme-edition-de-the-pitch-aura-lieu-le-18-mars\/","title":{"rendered":"ENCG SETTAT: LA 6\u00e8me EDITION DE THE PITCH AURA LIEU LE 18 MARS"},"content":{"rendered":"<h2><strong>Le Groupe Estudiantin pour l\u2019Innovation et <a href=\"https:\/\/le12.ma\/fr\/le-forum-laureats-entreprises-de-retour-a-lencg-settat-pour-sa-22e-edition\/\">l\u2019Entrepreneuriat<\/a> de l\u2019ENCG de Settat , organis\u00e9 le 18 Mars , la 6\u00e8me \u00e9dition de l\u2019\u00e9v\u00e9nement \u00abThe Pitch\u00bb.<\/strong><\/h2>\n<p><strong>Douze \u00e9quipes au minimum constitu\u00e9es <a href=\"https:\/\/encg-settat.ma\/\">d\u2019\u00e9tudiants<\/a> et porteurs de projets issus des quatre coins du Royaume soigneusement choisis par un jury de haut calibre se donneront rendez-vous le jour J pour une conf\u00e9rence riche en savoirs. <\/strong><\/p>\n<p><strong>Au programme seront aussi des ateliers anim\u00e9s par les intervenants de la journ\u00e9e au profit des \u00e9quipes leur donnant conseils et astuces avant le d\u00e9but de la comp\u00e9tition sous th\u00e8me \u00abl\u2019intelligence artificielle au service de l\u2019entreprenariat\u00a0: comment en tire profit\u00bb dans laquelle les douze groupes devront pr\u00e9senter et d\u00e9fendre leurs projets afin d\u2019avancer dans le challenge et tenter de gagner le prix d\u2019honneur offert par le club.<\/strong><\/p>\n<p><strong>Cet \u00e9v\u00e9nement va servir de tremplin pour les diff\u00e9rents participants pour se lancer dans l&rsquo;aventure entrepreneuriale.<\/strong><\/p>\n<p><strong>Les chiffres des quatre pr\u00e9c\u00e9dentes \u00e9ditions, explicitent le succ\u00e8s et la croissance annuelle de l\u2019audience, comptant approximativement de 100 personnes par \u00e9dition, des chiffres que la 6\u00e8me \u00e9dition est r\u00e9solue \u00e0 surpasser.<\/strong><\/p>\n<p><strong>Le programme de la 6\u00e8me \u00e9dition de THE PITCH :<\/strong><\/p>\n<p><strong>9 :00 &#8211; 10 :00<\/strong><\/p>\n<p><strong>Accueil des intervenants et mots d&rsquo;ouverture<\/strong><\/p>\n<p><strong>10 :00 &#8211; 12 :00<\/strong><\/p>\n<p><strong>The pitch conf\u00e9rence<\/strong><\/p>\n<p><strong>12 :00 &#8211; 12 :30<\/strong><\/p>\n<p><strong>Networking<\/strong><\/p>\n<p><strong>12 :30 &#8211; 14 :30<\/strong><\/p>\n<p><strong>Ateliers<\/strong><\/p>\n<p><strong>14 :30 &#8211; 15 :00<\/strong><\/p>\n<p><strong>D\u00e9jeuner<\/strong><\/p>\n<p><strong>15 :00 &#8211; 17 :00<\/strong><\/p>\n<p><strong>The pitch comp\u00e9tition<\/strong><\/p>\n<p><strong>17 :00 &#8211; 17 :30\u00a0<\/strong><\/p>\n<p><strong>Pause Musicale<\/strong><\/p>\n<p><strong>17 :30 \u2013 18 :00<\/strong><\/p>\n<p><strong>Annonce des gagnants et mot de cl\u00f4ture4<\/strong><\/p>\n","protected":false},"excerpt":{"rendered":"<p>Le Groupe Estudiantin pour l\u2019Innovation et l\u2019Entrepreneuriat de l\u2019ENCG de Settat , organis\u00e9 le 18 Mars , la 6\u00e8me \u00e9dition de l\u2019\u00e9v\u00e9nement \u00abThe Pitch\u00bb. Douze \u00e9quipes au minimum constitu\u00e9es d\u2019\u00e9tudiants et porteurs de projets issus des quatre coins du Royaume soigneusement choisis par un jury de haut calibre se donneront rendez-vous le jour J pour [&hellip;]<\/p>\n","protected":false},"author":2,"featured_media":30723,"comment_status":"open","ping_status":"open","sticky":false,"template":"","format":"standard","meta":[],"categories":[31,54,24],"tags":[10784],"yst_prominent_words":[2359,6071,6072,5293,257,271],"jetpack_featured_media_url":"https:\/\/le12.ma\/fr\/wp-content\/uploads\/2023\/03\/ENCG-SETTAT.png","_links":{"self":[{"href":"https:\/\/le12.ma\/fr\/wp-json\/wp\/v2\/posts\/30722"}],"collection":[{"href":"https:\/\/le12.ma\/fr\/wp-json\/wp\/v2\/posts"}],"about":[{"href":"https:\/\/le12.ma\/fr\/wp-json\/wp\/v2\/types\/post"}],"author":[{"embeddable":true,"href":"https:\/\/le12.ma\/fr\/wp-json\/wp\/v2\/users\/2"}],"replies":[{"embeddable":true,"href":"https:\/\/le12.ma\/fr\/wp-json\/wp\/v2\/comments?post=30722"}],"version-history":[{"count":1,"href":"https:\/\/le12.ma\/fr\/wp-json\/wp\/v2\/posts\/30722\/revisions"}],"predecessor-version":[{"id":30724,"href":"https:\/\/le12.ma\/fr\/wp-json\/wp\/v2\/posts\/30722\/revisions\/30724"}],"wp:featuredmedia":[{"embeddable":true,"href":"https:\/\/le12.ma\/fr\/wp-json\/wp\/v2\/media\/30723"}],"wp:attachment":[{"href":"https:\/\/le12.ma\/fr\/wp-json\/wp\/v2\/media?parent=30722"}],"wp:term":[{"taxonomy":"category","embeddable":true,"href":"https:\/\/le12.ma\/fr\/wp-json\/wp\/v2\/categories?post=30722"},{"taxonomy":"post_tag","embeddable":true,"href":"https:\/\/le12.ma\/fr\/wp-json\/wp\/v2\/tags?post=30722"},{"taxonomy":"yst_prominent_words","embeddable":true,"href":"https:\/\/le12.ma\/fr\/wp-json\/wp\/v2\/yst_prominent_words?post=30722"}],"curies":[{"name":"wp","href":"https:\/\/api.w.org\/{rel}","templated":true}]}}