{"id":30716,"date":"2023-03-11T12:48:25","date_gmt":"2023-03-11T11:48:25","guid":{"rendered":"https:\/\/le12.ma\/fr\/?p=30716"},"modified":"2023-03-11T12:48:25","modified_gmt":"2023-03-11T11:48:25","slug":"idd2023-ouverture-des-travaux-de-la-7eme-edition-a-rabat-video","status":"publish","type":"post","link":"https:\/\/le12.ma\/fr\/idd2023-ouverture-des-travaux-de-la-7eme-edition-a-rabat-video\/","title":{"rendered":"IDD2023: ouverture des travaux de la 7\u00e8me \u00e9dition \u00e0 Rabat (vid\u00e9o)"},"content":{"rendered":"<h2><strong>Les travaux de la 7\u00e8me <a href=\"https:\/\/le12.ma\/fr\/litalienne-amerigo-vespucci-fait-escale-a-casablanca-video\/\">\u00e9dition<\/a> de la Journ\u00e9e du design italien\u201d, initi\u00e9 par L\u2019Ambassade d\u2019Italie \u00e0 Rabat, en collaboration avec toutes les institutions qui composent le Syst\u00e8me Italien au Maroc, ont d\u00e9marr\u00e9 Jeudi \u00e0 Rabat en pr\u00e9sence de l\u2019Ambassadeur d\u2019Italie au Maroc, Armando Barucco .<\/strong><\/h2>\n<p><strong>Ayant pour th\u00e8me cette ann\u00e9e la \u00abLa Qualit\u00e9 qui \u00e9claire. L&rsquo;\u00e9nergie du design pour l\u2019Homme et l&rsquo;environnement\u00bb, la 7\u00e8me \u00e9dition de la Journ\u00e9e du design italien c\u00e9l\u00e8bre le \u00ab<a href=\"https:\/\/le12.ma\/fr\/oltre-la-marque-italienne-de-pret-a-porter-feminin-ouvre-son-premier-concept-store-a-casablanca\/\">Made in Italy<\/a>\u00bb.<\/strong><\/p>\n<p><strong>Dans le cadre des \u00e9v\u00e9nements d\u00e9di\u00e9s \u00e0 l\u2019Italian Design Day, <a href=\"https:\/\/youtu.be\/WrzZ-i-8R8I\">l\u2019Ambassadeur<\/a> Barucco a donn\u00e9 \u00e0 rabat une le coup d\u2019envoi de l\u2019ouverture officielle de cette \u00e9v\u00e9nement culturel. <\/strong><\/p>\n<p><strong>IDD2023 , organis\u00e9, par L\u2019Ambassade d\u2019Italie \u00e0 Rabat, en collaboration avec toutes les institutions qui composent le Syst\u00e8me Italien au Maroc, comme le Consulat G\u00e9n\u00e9ral \u00e0 Casablanca, l\u2019ICE \u2013 Agence italienne pour le commerce ext\u00e9rieur Section pour la promotion des \u00e9changes de l\u2019Ambassade d\u2019Italie \u00e0 Casablanca, l\u2019Institut Culturel Italien \u00e0 Rabat, le Comit\u00e9 de Casablanca de la Soci\u00e9t\u00e9 Dante Alighieri et la Chambre de Commerce Italienne au Maroc.<\/strong><\/p>\n<p><strong>Le d\u00e9tail dans cette reportage<\/strong><strong>\u00a0\u00a0\u00a0\u00a0\u00a0\u00a0\u00a0\u00a0\u00a0\u00a0\u00a0\u00a0\u00a0\u00a0\u00a0\u00a0\u00a0\u00a0\u00a0\u00a0\u00a0\u00a0\u00a0\u00a0\u00a0\u00a0\u00a0\u00a0\u00a0\u00a0\u00a0\u00a0\u00a0\u00a0\u00a0\u00a0\u00a0\u00a0\u00a0\u00a0\u00a0\u00a0\u00a0\u00a0\u00a0\u00a0\u00a0\u00a0\u00a0\u00a0\u00a0\u00a0\u00a0\u00a0\u00a0\u00a0\u00a0\u00a0\u00a0\u00a0\u00a0\u00a0\u00a0\u00a0\u00a0\u00a0\u00a0\u00a0\u00a0\u00a0\u00a0\u00a0\u00a0\u00a0\u00a0\u00a0\u00a0\u00a0\u00a0\u00a0\u00a0\u00a0\u00a0\u00a0\u00a0 <\/strong><\/p>\n<p><iframe loading=\"lazy\" title=\"Italian Design Day 2023.. Conf\u00e9rence \u00e0 Rabat\" width=\"500\" height=\"281\" src=\"https:\/\/www.youtube.com\/embed\/zNy1cBUDIEc?feature=oembed\" frameborder=\"0\" allow=\"accelerometer; autoplay; clipboard-write; encrypted-media; gyroscope; picture-in-picture; web-share\" allowfullscreen><\/iframe><\/p>\n","protected":false},"excerpt":{"rendered":"<p>Les travaux de la 7\u00e8me \u00e9dition de la Journ\u00e9e du design italien\u201d, initi\u00e9 par L\u2019Ambassade d\u2019Italie \u00e0 Rabat, en collaboration avec toutes les institutions qui composent le Syst\u00e8me Italien au Maroc, ont d\u00e9marr\u00e9 Jeudi \u00e0 Rabat en pr\u00e9sence de l\u2019Ambassadeur d\u2019Italie au Maroc, Armando Barucco . Ayant pour th\u00e8me cette ann\u00e9e la \u00abLa Qualit\u00e9 qui [&hellip;]<\/p>\n","protected":false},"author":2,"featured_media":30719,"comment_status":"open","ping_status":"open","sticky":false,"template":"","format":"standard","meta":[],"categories":[31,22,54,24],"tags":[10782,10783],"yst_prominent_words":[80,335,69,299],"jetpack_featured_media_url":"https:\/\/le12.ma\/fr\/wp-content\/uploads\/2023\/03\/Armando-Barucco.png","_links":{"self":[{"href":"https:\/\/le12.ma\/fr\/wp-json\/wp\/v2\/posts\/30716"}],"collection":[{"href":"https:\/\/le12.ma\/fr\/wp-json\/wp\/v2\/posts"}],"about":[{"href":"https:\/\/le12.ma\/fr\/wp-json\/wp\/v2\/types\/post"}],"author":[{"embeddable":true,"href":"https:\/\/le12.ma\/fr\/wp-json\/wp\/v2\/users\/2"}],"replies":[{"embeddable":true,"href":"https:\/\/le12.ma\/fr\/wp-json\/wp\/v2\/comments?post=30716"}],"version-history":[{"count":1,"href":"https:\/\/le12.ma\/fr\/wp-json\/wp\/v2\/posts\/30716\/revisions"}],"predecessor-version":[{"id":30720,"href":"https:\/\/le12.ma\/fr\/wp-json\/wp\/v2\/posts\/30716\/revisions\/30720"}],"wp:featuredmedia":[{"embeddable":true,"href":"https:\/\/le12.ma\/fr\/wp-json\/wp\/v2\/media\/30719"}],"wp:attachment":[{"href":"https:\/\/le12.ma\/fr\/wp-json\/wp\/v2\/media?parent=30716"}],"wp:term":[{"taxonomy":"category","embeddable":true,"href":"https:\/\/le12.ma\/fr\/wp-json\/wp\/v2\/categories?post=30716"},{"taxonomy":"post_tag","embeddable":true,"href":"https:\/\/le12.ma\/fr\/wp-json\/wp\/v2\/tags?post=30716"},{"taxonomy":"yst_prominent_words","embeddable":true,"href":"https:\/\/le12.ma\/fr\/wp-json\/wp\/v2\/yst_prominent_words?post=30716"}],"curies":[{"name":"wp","href":"https:\/\/api.w.org\/{rel}","templated":true}]}}