{"id":30603,"date":"2023-03-04T12:46:33","date_gmt":"2023-03-04T11:46:33","guid":{"rendered":"https:\/\/le12.ma\/fr\/?p=30603"},"modified":"2023-03-04T12:46:33","modified_gmt":"2023-03-04T11:46:33","slug":"ouverture-de-la-28e-edition-du-festival-du-cinema-mediterraneen-de-tetouan","status":"publish","type":"post","link":"https:\/\/le12.ma\/fr\/ouverture-de-la-28e-edition-du-festival-du-cinema-mediterraneen-de-tetouan\/","title":{"rendered":"Ouverture de la 28\u00e8 \u00e9dition du Festival du cin\u00e9ma m\u00e9diterran\u00e9en de T\u00e9touan"},"content":{"rendered":"<h2><strong>La 28\u00e8 \u00e9dition du Festival du <a href=\"https:\/\/www.mapexpress.ma\/actualite\/culture-et-medias\/ouverture-28e-edition-du-festival-du-cinema-mediterraneen-tetouan\/\">cin\u00e9ma<\/a> m\u00e9diterran\u00e9en de T\u00e9touan (FCMT), plac\u00e9e sous le Haut Patronage de SM le Roi Mohammed VI, s\u2019est ouverte, vendredi soir au th\u00e9\u00e2tre Espa\u00f1ol, en pr\u00e9sence d\u2019une pl\u00e9iade de stars du 7\u00e8 art et de personnalit\u00e9s des mondes de la culture et des arts.<\/strong><\/h2>\n<p><strong>La c\u00e9r\u00e9monie d\u2019ouverture de cette \u00e9dition, organis\u00e9e par la Fondation du Festival, en partenariat avec le <a href=\"https:\/\/le12.ma\/fr\/accidents-de-la-circulation-20-morts-et-1-963-blesses-en-perimetre-urbain-durant-la-semaine-derniere\/\">minist\u00e8re<\/a> de la Jeunesse, de la culture et de la communication, le Centre cin\u00e9matographique marocain (CCM) et d\u2019autres partenaires institutionnels, a \u00e9t\u00e9 marqu\u00e9e par un vibrant hommage rendu au r\u00e9alisateur marocain Hassan Benjelloun, et r\u00e9alisateur Italien, Daniele Vicari.<\/strong><\/p>\n<p><strong>S\u2019exprimant \u00e0 cette occasion, le pr\u00e9sident du festival, Ahmed Hosni, a soulign\u00e9 que le festival revient en force cette ann\u00e9e, avec une programmation riche et vari\u00e9e, faisant la part belle \u00e0 la formation et au soutien de l\u2019industrie cin\u00e9matographique, mettant en avant la valeur artistique singuli\u00e8re de cet \u00e9v\u00e9nement international, qui a contribu\u00e9, depuis des ann\u00e9es, \u00e0 enrichir le d\u00e9bat cin\u00e9matographique m\u00e9diterran\u00e9en.<\/strong><\/p>\n<ol>\n<li><strong> Hosni a pr\u00e9cis\u00e9 que le programme de cette \u00e9dition, dont l\u2019invit\u00e9e d\u2019honneur est la Turquie, comprend un ensemble d\u2019activit\u00e9s, dont la nouvelle rubrique \u00ab les ateliers de T\u00e9touan \u00bb, ax\u00e9e sur 3 volets, \u00e0 savoir le concours du meilleur sc\u00e9nario, les journ\u00e9es de l\u2019industrie cin\u00e9matographique, et un atelier de formation au profit des \u00e9l\u00e8ves des \u00e9coles de cin\u00e9ma.<\/strong><\/li>\n<\/ol>\n<p><strong>Pour sa part, le repr\u00e9sentant du Conseil de la r\u00e9gion Tanger-T\u00e9touan-Al Hoceima a affirm\u00e9 que cet \u00e9v\u00e9nement cin\u00e9matographique contribue \u00e0 promouvoir l\u2019animation culturelle dans la ville de T\u00e9touan et \u00e0 renforcer son ouverture sur les expressions artistiques du monde entier.<\/strong><\/p>\n<p><strong>Cette c\u00e9r\u00e9monie, qui s\u2019est d\u00e9roul\u00e9e en pr\u00e9sence notamment du secr\u00e9taire g\u00e9n\u00e9ral de la province de T\u00e9touan, du pr\u00e9sident de la commune de T\u00e9touan, et de nombre d\u2019acteurs culturels de la r\u00e9gion, a \u00e9t\u00e9 ponctu\u00e9e par la projection du film marocain \u00ab Reines \u00bb de Yasmine Benkiran.<\/strong><\/p>\n<p><strong>Elle a \u00e9t\u00e9 marqu\u00e9e aussi par la pr\u00e9sentation du jury des longs m\u00e9trages, pr\u00e9sid\u00e9 par le r\u00e9alisateur turc Zeki Demirkubuz, et compos\u00e9 de l\u2019actrice espagnole, Anna Ycobalzeta, la r\u00e9alisatrice-sc\u00e9nariste \u00e9gyptienne, Hala Khalil, l\u2019autrice fran\u00e7aise et critique de cin\u00e9ma, Nada Azhari Gillon, et du professeur italien en histoire des arts visuels, Valerio Carando.<\/strong><\/p>\n<p><strong>Le festival a tenu \u00e0 rendre hommage \u00e0 l\u2019\u00e9crivain, sc\u00e9nariste et critique de cin\u00e9ma, Mustapha Mesnaoui, d\u00e9c\u00e9d\u00e9 en 2015, en donnant son nom au jury de la critique qui se compose de l\u2019actrice et monteuse de cin\u00e9ma (\u00c9gypte), Safaa Ellaisy, du critique et pr\u00e9sident de l\u2019association des \u00e9crivains cin\u00e9matographique en Andalousie (Espagne), Lourdes Palacios, et du critique de cin\u00e9ma et sc\u00e9nariste (Maroc), Ahmed Bougaba.<\/strong><\/p>\n<p><strong>Le jury des ateliers de T\u00e9touan est, quant \u00e0 lui, compos\u00e9 du producteur et ex-pr\u00e9sident du Centre cin\u00e9matographique marocain (CCM), Sarim Fassi Fihri, l\u2019actrice et r\u00e9alisatrice, Lydia Zimmerman, la productrice-sc\u00e9nariste, Yasmina Nini Faucon et de l\u2019acteur-directeur photo, Galal El Zaki.<\/strong><\/p>\n<p><strong>Les films en lice sont \u00ab T\u00e9n\u00e8bres \u00bb, r\u00e9alis\u00e9 par Du\u0161an Mili\u0107 (Serbie), \u00ab Alam \u00bb de Firas Khoury (Palestine), \u00ab Poissons rouges \u00bb d\u2019Abdeslam Kelai (Maroc), \u00ab Nezouh \u00bb de Soudade Kaadan (Syrie), \u00ab Ramona \u00bb d\u2019Andr\u00e9a Bagney (Espagne), \u00ab Endroit s\u00fbr \u00bb de Sigurno Mjesto de Juraj L\u00e9rotic (Croatie), \u00ab Clous de girofle et oeuillets \u00bb de Bekir B\u00fclb\u00fcl (Turquie), \u00ab Le barrage, Al Sadd \u00bb d\u2019Ali Cherri (Liban), \u00ab Un \u00e9t\u00e9 \u00e0 Boujad \u00bb, d\u2019Omar Mouldouira (Maroc), Septembre \u00bb de Giulia Louise Steigerwalt (Italie), \u00ab Upon entry \u00bb de Juan Sebasti\u00e1n Vasquez Alejandro Rojas (Espagne) et \u00ab Lit de rivi\u00e8re \u00bb de Bassem Br\u00e8che (Liban).<\/strong><\/p>\n<p><strong>Le festival a \u00e9galement choisi 7 films coups de c\u0153ur, \u00e0 savoir \u00ab Fi\u00e8vre m\u00e9diterran\u00e9enne \u00bb de la r\u00e9alisatrice palestinienne, Maha Haj, \u00ab L\u2019\u00eele du pardon \u00bb du r\u00e9alisateur tunisien Reda Bahi, \u00ab Les huit montagnes \u00bb de Charlotte Vandermeersch et Felix Van Groeningen (Belgique), \u00ab Jardins suspendus \u00bb d\u2019Ahmed Yassine Al Daradji (Irak), \u00ab Les pires \u00bb de Romane Gu\u00e9ret et Lise Akoka (France), \u00ab Les miens \u00bb de Roshdy Zem (France) et \u00ab Queens \u00bb de Yasmina Benkiran (Maroc).<\/strong><\/p>\n<p><strong>Au programme de cette \u00e9dition, qui se poursuivra jusqu\u2019au 10 mars, figurent la tenue d\u2019un colloque sous le th\u00e8me \u00ab Le num\u00e9rique, \u00e9thique et esth\u00e9tique \u00bb, qui sera mod\u00e9r\u00e9 par la critique et sc\u00e9nariste franco-alg\u00e9rienne, Nadia Meftah, et l\u2019organisation de deux tables rondes sous les th\u00e8mes \u00ab Le cin\u00e9ma marocain d\u2019aujourd\u2019hui: Possibilit\u00e9s et paradoxes \u00bb et \u00ab Jean-Luc Godard, r\u00e9sonances m\u00e9diterran\u00e9ennes \u00bb.<\/strong><\/p>\n<p><strong>Un vibrant hommage sera \u00e9galement rendu \u00e0 la c\u00e9l\u00e8bre actrice \u00e9gyptienne Ghada Adel, \u00e0 l\u2019actrice turque Vildan Atasever et \u00e0 la r\u00e9alisatrice espagnole Judith Collel.<\/strong><\/p>\n<p><strong>La grande nouveaut\u00e9 du festival cette ann\u00e9e est l\u2019organisation de la rubrique \u00ab T\u00e9touan Industry days \u00bb. Il s\u2019agit d\u2019un programme qui rassemble producteurs, distributeurs et exploiteurs de la rive m\u00e9diterran\u00e9enne pour rencontrer les porteurs de projets et mettre en lumi\u00e8re de jeunes sc\u00e9naristes, r\u00e9alisateurs et producteurs.<\/strong><\/p>\n<p><strong>Dans le cadre de cette rubrique, une rencontre \u00ab Panel \u00bb sera organis\u00e9e pour discuter de la coproduction, du march\u00e9 mondial du film et des opportunit\u00e9s de collaboration entre les deux parties de la M\u00e9diterran\u00e9e.<\/strong><\/p>\n<p><strong>Autre grand \u00e9v\u00e9nement de cette \u00e9dition sera la signature du livre \u00ab Quelques \u00e9v\u00e9nements sans signification \u00e0 reconstituer \u00bb, en pr\u00e9sence de son \u00e9ditrice L\u00e9a Morin, du r\u00e9alisateur du film \u00e9ponyme, Mustapha Derkaoui et du critique et journaliste, Ahmed Boughaba.<\/strong><\/p>\n<p><strong>Il est \u00e0 noter que le festival organise, du 3 au 6 mars, une formation \u00ab Talents en Court \u00bb, qui profite \u00e0 12 \u00e9tudiants et \u00e9tudiantes d\u2019\u00e9coles sup\u00e9rieures de cin\u00e9ma au Maroc, qui devront analyser deux courts-m\u00e9trages \u00ab Hors Saison \u00bb et \u00ab Pour que rien ne change \u00bb, en pr\u00e9sence de leur r\u00e9alisateur, Fransisco Artiley, et du directeur du festival du cin\u00e9ma Corse, Alix Firraris.<\/strong><\/p>\n<p><strong>Et \u00e0 la fin de cette formation se tiendra une conf\u00e9rence autour du cin\u00e9ma tunisien propos\u00e9e par le ma\u00eetre de conf\u00e9rences tunisien, Tarek Ben Chaabane.<\/strong><\/p>\n<p><strong>En marge du festival, quatre films marocains seront projet\u00e9s au sein de la prison locale de T\u00e9touan au profit des d\u00e9tenus marocains et espagnols.<\/strong><\/p>\n<p><strong>De plus, le professeur et metteur en sc\u00e8ne Mohamed Berrada animera un atelier autour de \u00ab la direction d\u2019acteurs \u00bb, en plus de l\u2019organisation d\u2019une op\u00e9ration de don de sang, en partenariat avec la direction provinciale de la Sant\u00e9.<\/strong><\/p>\n","protected":false},"excerpt":{"rendered":"<p>La 28\u00e8 \u00e9dition du Festival du cin\u00e9ma m\u00e9diterran\u00e9en de T\u00e9touan (FCMT), plac\u00e9e sous le Haut Patronage de SM le Roi Mohammed VI, s\u2019est ouverte, vendredi soir au th\u00e9\u00e2tre Espa\u00f1ol, en pr\u00e9sence d\u2019une pl\u00e9iade de stars du 7\u00e8 art et de personnalit\u00e9s des mondes de la culture et des arts. La c\u00e9r\u00e9monie d\u2019ouverture de cette \u00e9dition, [&hellip;]<\/p>\n","protected":false},"author":2,"featured_media":30607,"comment_status":"open","ping_status":"open","sticky":false,"template":"","format":"standard","meta":[],"categories":[31,54],"tags":[7741,608],"yst_prominent_words":[1000,1367,257,457,454,2115],"jetpack_featured_media_url":"https:\/\/le12.ma\/fr\/wp-content\/uploads\/2023\/03\/festival-tetouan.jpg","_links":{"self":[{"href":"https:\/\/le12.ma\/fr\/wp-json\/wp\/v2\/posts\/30603"}],"collection":[{"href":"https:\/\/le12.ma\/fr\/wp-json\/wp\/v2\/posts"}],"about":[{"href":"https:\/\/le12.ma\/fr\/wp-json\/wp\/v2\/types\/post"}],"author":[{"embeddable":true,"href":"https:\/\/le12.ma\/fr\/wp-json\/wp\/v2\/users\/2"}],"replies":[{"embeddable":true,"href":"https:\/\/le12.ma\/fr\/wp-json\/wp\/v2\/comments?post=30603"}],"version-history":[{"count":1,"href":"https:\/\/le12.ma\/fr\/wp-json\/wp\/v2\/posts\/30603\/revisions"}],"predecessor-version":[{"id":30608,"href":"https:\/\/le12.ma\/fr\/wp-json\/wp\/v2\/posts\/30603\/revisions\/30608"}],"wp:featuredmedia":[{"embeddable":true,"href":"https:\/\/le12.ma\/fr\/wp-json\/wp\/v2\/media\/30607"}],"wp:attachment":[{"href":"https:\/\/le12.ma\/fr\/wp-json\/wp\/v2\/media?parent=30603"}],"wp:term":[{"taxonomy":"category","embeddable":true,"href":"https:\/\/le12.ma\/fr\/wp-json\/wp\/v2\/categories?post=30603"},{"taxonomy":"post_tag","embeddable":true,"href":"https:\/\/le12.ma\/fr\/wp-json\/wp\/v2\/tags?post=30603"},{"taxonomy":"yst_prominent_words","embeddable":true,"href":"https:\/\/le12.ma\/fr\/wp-json\/wp\/v2\/yst_prominent_words?post=30603"}],"curies":[{"name":"wp","href":"https:\/\/api.w.org\/{rel}","templated":true}]}}