{"id":30192,"date":"2023-02-08T16:45:52","date_gmt":"2023-02-08T15:45:52","guid":{"rendered":"https:\/\/le12.ma\/fr\/?p=30192"},"modified":"2023-02-08T16:45:52","modified_gmt":"2023-02-08T15:45:52","slug":"carte-dartiste-un-service-electronique-est-lance","status":"publish","type":"post","link":"https:\/\/le12.ma\/fr\/carte-dartiste-un-service-electronique-est-lance\/","title":{"rendered":"Carte d\u2019artiste: un service \u00e9lectronique est lanc\u00e9"},"content":{"rendered":"<h2><strong>Le minist\u00e8re de la Jeunesse, de la Culture et de la Communication- d\u00e9partement de la Culture- a annonc\u00e9, ce mercredi 8 f\u00e9vrier 2023, le lancement officiel de service \u00e9lectronique r\u00e9serv\u00e9 aux artistes et aux acteurs des livres, et ce, \u00e0 travers un site web sp\u00e9cifique: https:\/\/services.minculture.gov.ma.<\/strong><\/h2>\n<p><strong>Le minist\u00e8re a indiqu\u00e9 que ce site web offre une possibilit\u00e9 d\u2019obtenir une carte d\u2019artiste, de b\u00e9n\u00e9ficier d\u2019autres services pour les cartes professionnelles et d\u2019acc\u00e9der aux services du Salon international de l\u2019\u00e9dition et du livre (SIEL).<\/strong><\/p>\n<p><strong>Le lancement de cette plateforme a pour but de rapprocher l\u2019administration aupr\u00e8s des citoyens, faciliter et num\u00e9riser leurs demandes et rendre plus rapide le processus de leurs traitements.<\/strong><\/p>\n","protected":false},"excerpt":{"rendered":"<p>Le minist\u00e8re de la Jeunesse, de la Culture et de la Communication- d\u00e9partement de la Culture- a annonc\u00e9, ce mercredi 8 f\u00e9vrier 2023, le lancement officiel de service \u00e9lectronique r\u00e9serv\u00e9 aux artistes et aux acteurs des livres, et ce, \u00e0 travers un site web sp\u00e9cifique: https:\/\/services.minculture.gov.ma. Le minist\u00e8re a indiqu\u00e9 que ce site web offre [&hellip;]<\/p>\n","protected":false},"author":2,"featured_media":30193,"comment_status":"open","ping_status":"open","sticky":false,"template":"","format":"standard","meta":[],"categories":[26,31,22,54,24],"tags":[10700],"yst_prominent_words":[583,148,1283,453],"jetpack_featured_media_url":"https:\/\/le12.ma\/fr\/wp-content\/uploads\/2023\/02\/carte_d_artiste_800-1675856355.jpg","_links":{"self":[{"href":"https:\/\/le12.ma\/fr\/wp-json\/wp\/v2\/posts\/30192"}],"collection":[{"href":"https:\/\/le12.ma\/fr\/wp-json\/wp\/v2\/posts"}],"about":[{"href":"https:\/\/le12.ma\/fr\/wp-json\/wp\/v2\/types\/post"}],"author":[{"embeddable":true,"href":"https:\/\/le12.ma\/fr\/wp-json\/wp\/v2\/users\/2"}],"replies":[{"embeddable":true,"href":"https:\/\/le12.ma\/fr\/wp-json\/wp\/v2\/comments?post=30192"}],"version-history":[{"count":1,"href":"https:\/\/le12.ma\/fr\/wp-json\/wp\/v2\/posts\/30192\/revisions"}],"predecessor-version":[{"id":30194,"href":"https:\/\/le12.ma\/fr\/wp-json\/wp\/v2\/posts\/30192\/revisions\/30194"}],"wp:featuredmedia":[{"embeddable":true,"href":"https:\/\/le12.ma\/fr\/wp-json\/wp\/v2\/media\/30193"}],"wp:attachment":[{"href":"https:\/\/le12.ma\/fr\/wp-json\/wp\/v2\/media?parent=30192"}],"wp:term":[{"taxonomy":"category","embeddable":true,"href":"https:\/\/le12.ma\/fr\/wp-json\/wp\/v2\/categories?post=30192"},{"taxonomy":"post_tag","embeddable":true,"href":"https:\/\/le12.ma\/fr\/wp-json\/wp\/v2\/tags?post=30192"},{"taxonomy":"yst_prominent_words","embeddable":true,"href":"https:\/\/le12.ma\/fr\/wp-json\/wp\/v2\/yst_prominent_words?post=30192"}],"curies":[{"name":"wp","href":"https:\/\/api.w.org\/{rel}","templated":true}]}}