{"id":29554,"date":"2022-11-26T03:14:47","date_gmt":"2022-11-26T02:14:47","guid":{"rendered":"https:\/\/le12.ma\/fr\/?p=29554"},"modified":"2022-11-26T03:14:47","modified_gmt":"2022-11-26T02:14:47","slug":"le-maroc-en-musique-a-la-semaine-italienne","status":"publish","type":"post","link":"https:\/\/le12.ma\/fr\/le-maroc-en-musique-a-la-semaine-italienne\/","title":{"rendered":"Le Maroc en musique \u00e0 la semaine italienne"},"content":{"rendered":"<h2><em><strong>\u00a0D\u00e8s le 28 novembre, le Ch\u0153ur et l\u2019Orchestre Philharmonique du Maroc proposeront un chef d\u2019\u0153uvre du g\u00e9nial compositeur italien Gioachino Rossini: La Petite messe solennelle.<\/strong><\/em><\/h2>\n<p><strong><span style=\"color: #ff0000;\">PAR-GHITA ELPACHA<\/span><\/strong><\/p>\n<p><strong>La coop\u00e9ration se poursuit entre <a href=\"https:\/\/le12.ma\/fr\/la-cuisine-italienne-sinvite-pour-la-7eme-fois-au-maroc\/\">l\u2019Ambassade d\u2019Italie<\/a>, l\u2019Institut Culturel italien de Rabat et la Fondation T\u00e9nor pour la Culture, signe d\u2019un dynamisme culturel r\u00e9el.<\/strong><\/p>\n<p><strong>Selon un communiqu\u00e9 de l&rsquo;Ambassade, La musique italienne sera c\u00e9l\u00e9br\u00e9e la semaine prochaine \u00e0 Rabat, \u00e0 F\u00e8s et \u00e0 Marrakech.<\/strong><\/p>\n<p><strong>\u00a0En effet, apr\u00e8s la production de l\u2019op\u00e9ra Norma en partenariat avec l\u2019Orchestre Philharmonique du Maroc, l\u2019Ambassade d\u2019Italie, l\u2019Institut Culturel italien et le Th\u00e9\u00e2tre Massimo de Palerme, en juin 2022, les institutions proposent du 28 novembre au 10 d\u00e9cembre de c\u00e9l\u00e9brer l\u2019Italie \u00e0 travers la Semaine de la Musique italienne.<\/strong><\/p>\n<p><strong>Plusieurs manifestations sont au programme. \u00a0A indiqu\u00e9 un communiqu\u00e9 de l&rsquo;Ambassade.<\/strong><\/p>\n<p><strong>\u00a0D\u00e8s le 28 novembre, le Ch\u0153ur et l\u2019Orchestre Philharmonique du Maroc proposeront un chef d\u2019\u0153uvre du g\u00e9nial compositeur italien Gioachino Rossini: La Petite messe solennelle.<\/strong><\/p>\n<p><strong>\u00a0Cette \u0153uvre \u00e9crite initialement pour ch\u0153ur, solistes, deux pianos et un harmonium, fut ensuite retranscrite pour orchestre et ch\u0153ur. Des concerts sont pr\u00e9vus \u00e0 Rabat, Casa et F\u00e8s.<\/strong><\/p>\n<p><strong> Pour l\u2019occasion, quatre solistes italiens se joindront au Ch\u0153ur et \u00e0 l\u2019Orchestre Philharmonique du Maroc.<\/strong><\/p>\n<p><strong>La m\u00eame source poursuit que du 7 au 9 d\u00e9cembre, le Duo Gazzana, constitu\u00e9 par le s\u0153urs Natascia au violon et Raffaella au piano, se produira en r\u00e9cital, au Th\u00e9\u00e2tre Mohammed V de Rabat et au Riad \u00abLes Etoiles de Jema\u00e2 El Fna\u00bb de la Fondation Ali Zaoua \u00e0 Marrakech.<\/strong><\/p>\n<p><strong>Le programme des concerts comprendra des musiques de Grieg, Schumann, Bloch et Paganini. a soulign\u00e9 le communiqu\u00e9.<\/strong><\/p>\n<p><strong>\u00a0Le 6 d\u00e9cembre, les deux concertistes partageront un moment d\u2019exception avec les \u00e9l\u00e8ves de l\u2019Ecole Internationale de Musique et de Danse lors d\u2019une master-class in\u00e9dite.<\/strong><\/p>\n<p><strong>\u00a0Le r\u00e9pertoire du Duo Gazzana, qui depuis plusieurs ann\u00e9es exerce une intense activit\u00e9 internationale avec des concerts donn\u00e9s \u00e0 travers le monde, va des classiques aux \u0153uvres de compositeurs contemporains, comme en t\u00e9moignent leurs nombreux enregistrements pour le prestigieux label allemand ECM Records. Un nouvel album pour la maison de disques ECM a \u00e9t\u00e9 pr\u00e9sent\u00e9 le dernier 18 novembre.<\/strong><\/p>\n<p><strong>Cette \u00absemaine italienne\u00bb se cl\u00f4turera en beaut\u00e9, poursuit le communiqu\u00e9, avec un concert exceptionnel de l\u2019Orchestre Symphonique de Milan qui se produira le 10 d\u00e9cembre au Th\u00e9\u00e2tre Mohammed V de Rabat et qui accueillera dans ses rangs six \u00e9l\u00e8ves du programme socioculturel Mazaya.<\/strong><\/p>\n<p><strong>\u00a0Les jeunes musiciens qui d\u00e9marrent leur carri\u00e8re professionnelle ont eu la formidable opportunit\u00e9 de passer 15 jours en stage \u00e0 Milan pour pr\u00e9parer ce concert dans le cadre du projet \u00ab\u00a0La Musique et les Jeunes\u00a0\u00bb con\u00e7u par l&rsquo;Institut Culturel Italien de Rabat et le CIDIM (Comit\u00e9 National de Musique) de Rome et r\u00e9alis\u00e9 en collaboration avec la Fondation T\u00e9nor pour la Culture.<\/strong><\/p>\n<p><strong>\u00a0Au programme de cet \u00e9v\u00e8nement gratuit: Le \u00abQuattro stagioni\u00bb de Antonio Vivaldi et une \u0153uvre du compositeur italien <a href=\"https:\/\/www.italieaparis.net\/musique-evenements.php\">Alessandro Rolla<\/a>.<\/strong><\/p>\n<p><strong>A travers ces manifestations dont certaines sont gratuites, la Fondation t\u00e9nor pour la Culture, l\u2019Ambassade d\u2019Italie et l\u2019Institut Culturel d\u2019Italie r\u00e9affirment leurs ambitions communes pour une culture forte et ouverte \u00e0 tous, conclut le communiqu\u00e9.<\/strong><\/p>\n","protected":false},"excerpt":{"rendered":"<p>\u00a0D\u00e8s le 28 novembre, le Ch\u0153ur et l\u2019Orchestre Philharmonique du Maroc proposeront un chef d\u2019\u0153uvre du g\u00e9nial compositeur italien Gioachino Rossini: La Petite messe solennelle. PAR-GHITA ELPACHA La coop\u00e9ration se poursuit entre l\u2019Ambassade d\u2019Italie, l\u2019Institut Culturel italien de Rabat et la Fondation T\u00e9nor pour la Culture, signe d\u2019un dynamisme culturel r\u00e9el. Selon un communiqu\u00e9 de [&hellip;]<\/p>\n","protected":false},"author":2,"featured_media":29555,"comment_status":"open","ping_status":"open","sticky":false,"template":"","format":"standard","meta":[],"categories":[9442,9443,31,54],"tags":[10607,182],"yst_prominent_words":[],"jetpack_featured_media_url":"https:\/\/le12.ma\/fr\/wp-content\/uploads\/2022\/11\/Rossini-avec-quatre-artistes-italiens.jpg","_links":{"self":[{"href":"https:\/\/le12.ma\/fr\/wp-json\/wp\/v2\/posts\/29554"}],"collection":[{"href":"https:\/\/le12.ma\/fr\/wp-json\/wp\/v2\/posts"}],"about":[{"href":"https:\/\/le12.ma\/fr\/wp-json\/wp\/v2\/types\/post"}],"author":[{"embeddable":true,"href":"https:\/\/le12.ma\/fr\/wp-json\/wp\/v2\/users\/2"}],"replies":[{"embeddable":true,"href":"https:\/\/le12.ma\/fr\/wp-json\/wp\/v2\/comments?post=29554"}],"version-history":[{"count":1,"href":"https:\/\/le12.ma\/fr\/wp-json\/wp\/v2\/posts\/29554\/revisions"}],"predecessor-version":[{"id":29556,"href":"https:\/\/le12.ma\/fr\/wp-json\/wp\/v2\/posts\/29554\/revisions\/29556"}],"wp:featuredmedia":[{"embeddable":true,"href":"https:\/\/le12.ma\/fr\/wp-json\/wp\/v2\/media\/29555"}],"wp:attachment":[{"href":"https:\/\/le12.ma\/fr\/wp-json\/wp\/v2\/media?parent=29554"}],"wp:term":[{"taxonomy":"category","embeddable":true,"href":"https:\/\/le12.ma\/fr\/wp-json\/wp\/v2\/categories?post=29554"},{"taxonomy":"post_tag","embeddable":true,"href":"https:\/\/le12.ma\/fr\/wp-json\/wp\/v2\/tags?post=29554"},{"taxonomy":"yst_prominent_words","embeddable":true,"href":"https:\/\/le12.ma\/fr\/wp-json\/wp\/v2\/yst_prominent_words?post=29554"}],"curies":[{"name":"wp","href":"https:\/\/api.w.org\/{rel}","templated":true}]}}