{"id":29098,"date":"2022-10-11T12:19:28","date_gmt":"2022-10-11T11:19:28","guid":{"rendered":"https:\/\/le12.ma\/fr\/?p=29098"},"modified":"2022-10-11T12:19:28","modified_gmt":"2022-10-11T11:19:28","slug":"festival-du-film-de-marrakech-les-membres-du-jury-de-la-19-eme-edition-devoiles","status":"publish","type":"post","link":"https:\/\/le12.ma\/fr\/festival-du-film-de-marrakech-les-membres-du-jury-de-la-19-eme-edition-devoiles\/","title":{"rendered":"Festival du Film de Marrakech: les membres du jury de la 19-\u00e8me \u00e9dition d\u00e9voil\u00e9s"},"content":{"rendered":"<h2><span style=\"color: #000000;\"><strong>Les membres du jury de la 19-\u00e8me \u00e9dition du Festival In<span style=\"color: #000000;\">ternational du Film de <a style=\"color: #000000;\" href=\"https:\/\/le12.ma\/fr\/festival-national-du-film-de-tanger-hommage-a-noureddine-sail\/\">Marrakech<\/a>, pr\u00e9vue du 11 au 19 novem<\/span>bre 2022, ont \u00e9t\u00e9 d\u00e9voil\u00e9s mardi.<\/strong><\/span><\/h2>\n<p><strong>Pr\u00e9sid\u00e9 par le r\u00e9alisateur italien Paolo Sorrentino, le jury sera compos\u00e9 de 8 membres de nationalit\u00e9s diff\u00e9rentes et de 4 continents, ont annonc\u00e9 les organisateurs dans un communiqu\u00e9.<\/strong><\/p>\n<p><strong>Paolo Sorrentino sera ainsi \u00e9paul\u00e9 par la r\u00e9alisatrice danoise Susanne Bier, l&rsquo;acteur et producteur am\u00e9ricano \u2013 guat\u00e9malt\u00e8que Oscar Isaac, l\u2019actrice britannique Vanessa Kirby, l\u2019actrice allemande Diane Kruger, le r\u00e9alisateur australien Justin Kurzel, la r\u00e9alisatrice et actrice libanaise Nadine Labaki, la r\u00e9alisatrice marocaine La\u00efla Marrakchi et l\u2019acteur fran\u00e7ais Tahar Rahim, ont-ils pr\u00e9cis\u00e9.<\/strong><\/p>\n<p><strong>Repr\u00e9sentant 10 pays diff\u00e9rents en provenance de 4 continents, le jury de cette 19e \u00e9dition est \u00e0 l\u2019image du Festival International du Film de Marrakech, une manifestation qui c\u00e9l\u00e8bre le cin\u00e9ma mondial, a soulign\u00e9 la m\u00eame source, ajoutant que ce jury international d\u00e9cernera l\u2019\u00c9toile d\u2019or \u00e0 l\u2019un des 14 premiers et seconds longs m\u00e9trages de la comp\u00e9tition, d\u00e9di\u00e9e \u00e0 la d\u00e9couverte de cin\u00e9astes \u00e0 travers le monde.<\/strong><\/p>\n<p><strong>Le jury rendra son verdict lors de la soir\u00e9e de cl\u00f4ture du Festival le 19 novembre 2022.<\/strong><\/p>\n","protected":false},"excerpt":{"rendered":"<p>Les membres du jury de la 19-\u00e8me \u00e9dition du Festival International du Film de Marrakech, pr\u00e9vue du 11 au 19 novembre 2022, ont \u00e9t\u00e9 d\u00e9voil\u00e9s mardi. Pr\u00e9sid\u00e9 par le r\u00e9alisateur italien Paolo Sorrentino, le jury sera compos\u00e9 de 8 membres de nationalit\u00e9s diff\u00e9rentes et de 4 continents, ont annonc\u00e9 les organisateurs dans un communiqu\u00e9. Paolo [&hellip;]<\/p>\n","protected":false},"author":2,"featured_media":29099,"comment_status":"open","ping_status":"open","sticky":false,"template":"","format":"standard","meta":[],"categories":[26,31,54,24],"tags":[10522,10523,592],"yst_prominent_words":[4842,5570,257,457,181,3058,1704],"jetpack_featured_media_url":"https:\/\/le12.ma\/fr\/wp-content\/uploads\/2022\/10\/vis_1011202211191171.png","_links":{"self":[{"href":"https:\/\/le12.ma\/fr\/wp-json\/wp\/v2\/posts\/29098"}],"collection":[{"href":"https:\/\/le12.ma\/fr\/wp-json\/wp\/v2\/posts"}],"about":[{"href":"https:\/\/le12.ma\/fr\/wp-json\/wp\/v2\/types\/post"}],"author":[{"embeddable":true,"href":"https:\/\/le12.ma\/fr\/wp-json\/wp\/v2\/users\/2"}],"replies":[{"embeddable":true,"href":"https:\/\/le12.ma\/fr\/wp-json\/wp\/v2\/comments?post=29098"}],"version-history":[{"count":1,"href":"https:\/\/le12.ma\/fr\/wp-json\/wp\/v2\/posts\/29098\/revisions"}],"predecessor-version":[{"id":29100,"href":"https:\/\/le12.ma\/fr\/wp-json\/wp\/v2\/posts\/29098\/revisions\/29100"}],"wp:featuredmedia":[{"embeddable":true,"href":"https:\/\/le12.ma\/fr\/wp-json\/wp\/v2\/media\/29099"}],"wp:attachment":[{"href":"https:\/\/le12.ma\/fr\/wp-json\/wp\/v2\/media?parent=29098"}],"wp:term":[{"taxonomy":"category","embeddable":true,"href":"https:\/\/le12.ma\/fr\/wp-json\/wp\/v2\/categories?post=29098"},{"taxonomy":"post_tag","embeddable":true,"href":"https:\/\/le12.ma\/fr\/wp-json\/wp\/v2\/tags?post=29098"},{"taxonomy":"yst_prominent_words","embeddable":true,"href":"https:\/\/le12.ma\/fr\/wp-json\/wp\/v2\/yst_prominent_words?post=29098"}],"curies":[{"name":"wp","href":"https:\/\/api.w.org\/{rel}","templated":true}]}}