{"id":28855,"date":"2022-09-17T14:05:13","date_gmt":"2022-09-17T13:05:13","guid":{"rendered":"https:\/\/le12.ma\/fr\/?p=28855"},"modified":"2022-09-17T14:05:13","modified_gmt":"2022-09-17T13:05:13","slug":"festival-national-du-film-de-tanger-hommage-a-noureddine-sail","status":"publish","type":"post","link":"https:\/\/le12.ma\/fr\/festival-national-du-film-de-tanger-hommage-a-noureddine-sail\/","title":{"rendered":"Festival national du film de Tanger: Hommage \u00e0 Noureddine Sa\u00efl"},"content":{"rendered":"<h2><span style=\"color: #000000;\"><strong>Le Festival national du <a style=\"color: #000000;\" href=\"https:\/\/le12.ma\/fr\/medfilm-festival-au-maroc-mediterranee-une-mer-de-cinema\/\">film<\/a> de Tanger a rendu un hommage sp\u00e9cial, vendredi soir, au journaliste et critique de cin\u00e9ma <a style=\"color: #000000;\" href=\"http:\/\/www.africine.org\/personne\/nour-eddine-sail\/7930\">Nour-Eddine Sa\u00efl.<\/a><\/strong><\/span><\/h2>\n<p><strong>Lors de la c\u00e9r\u00e9monie d&rsquo;ouverture de la 22\u00e8me \u00e9dition de cette manifestation cin\u00e9matographique organis\u00e9e jusqu&rsquo;au 24 septembre, les organisateurs ont tenu \u00e0 rendre un hommage sp\u00e9cial au Tang\u00e9rois Nour-Eddine Sa\u00efl, pour avoir contribu\u00e9 grandement au d\u00e9veloppement du cin\u00e9ma national, africain et international.<\/strong><\/p>\n<p><strong>Dans une allocution \u00e0 cette occasion, le ministre de la Jeunesse, de la Culture et de la Communication, Mohamed Mehdi Bensaid, a salu\u00e9 la m\u00e9moire d&rsquo;une grande personnalit\u00e9 qui fut parmi les pionniers de la critique cin\u00e9matographique au Maroc, mettant en relief la riche contribution du d\u00e9funt \u00e0 la promotion de l&rsquo;industrie du film et de la culture du 7\u00e8me art dans le Royaume.<\/strong><\/p>\n<p><strong>Pour sa part, le r\u00e9alisateur marocain Kamal Kamal a affirm\u00e9 dans une allocution similaire que Nour-Eddine Sa\u00efl est consid\u00e9r\u00e9 comme \u00ab\u00a0le p\u00e8re spirituel du cin\u00e9ma national\u00a0\u00bb, et \u00ab\u00a0parrain du cin\u00e9ma africain\u00a0\u00bb, ajoutant qu\u2019il sera toujours pr\u00e9sent dans les souvenirs et dans les c\u0153urs gr\u00e2ce \u00e0 ses nombreuses contributions ayant pour but de promouvoir le septi\u00e8me art.<\/strong><\/p>\n<p><strong>De son c\u00f4t\u00e9, Nadia Larguet, a mis en avant le potentiel intellectuel extraordinaire du d\u00e9funt, ses hautes qualit\u00e9s humaines, les multiples comp\u00e9tences dont il disposait et sa qu\u00eate inlassable pour assurer le rayonnement et la pr\u00e9sence du Royaume dans les principaux \u00e9v\u00e9nements cin\u00e9matographiques du monde entier.<\/strong><\/p>\n<p><strong>Sc\u00e9nariste, romancier, producteur et critique de cin\u00e9ma, Nour-Eddine Sa\u00efl est natif de Tanger. Enseignant et inspecteur g\u00e9n\u00e9ral de philosophie jusqu&rsquo;en 1984, il est le fondateur en 1973 de la F\u00e9d\u00e9ration nationale des cin\u00e9-clubs du Maroc dont il a \u00e9t\u00e9 le pr\u00e9sident jusqu&rsquo;en 1983.<\/strong><\/p>\n<p><strong>Il a \u00e9t\u00e9 critique de cin\u00e9ma \u00e0 la radio et \u00e0 la t\u00e9l\u00e9vision, directeur des programmes de la T\u00e9l\u00e9vision marocaine (1984-1986), conseiller \u00e0 l&rsquo;audiovisuel du Pr\u00e9sident du groupe ONA (1989-1990), directeur des programmes de Canal+Horizons (1990-2000), directeur g\u00e9n\u00e9ral de 2M (2000-2003), directeur du Centre Cin\u00e9matographique Marocain (2003-2014) ainsi que vice-pr\u00e9sident d\u00e9l\u00e9gu\u00e9 du Festival International du Film de Marrakech (2004-2014).<\/strong><\/p>\n<p><strong>Il a \u00e9t\u00e9 \u00e9galement pr\u00e9sident de la Fondation du cin\u00e9ma africain de Khouribga et de la \u00ab\u00a0Ouarzazate Film Commission\u00a0\u00bb ainsi que membre du bureau ex\u00e9cutif d&rsquo;Europa Cin\u00e9mas \u00e0 Paris.<\/strong><\/p>\n","protected":false},"excerpt":{"rendered":"<p>Le Festival national du film de Tanger a rendu un hommage sp\u00e9cial, vendredi soir, au journaliste et critique de cin\u00e9ma Nour-Eddine Sa\u00efl. Lors de la c\u00e9r\u00e9monie d&rsquo;ouverture de la 22\u00e8me \u00e9dition de cette manifestation cin\u00e9matographique organis\u00e9e jusqu&rsquo;au 24 septembre, les organisateurs ont tenu \u00e0 rendre un hommage sp\u00e9cial au Tang\u00e9rois Nour-Eddine Sa\u00efl, pour avoir contribu\u00e9 [&hellip;]<\/p>\n","protected":false},"author":2,"featured_media":28856,"comment_status":"open","ping_status":"open","sticky":false,"template":"","format":"standard","meta":[],"categories":[22,24],"tags":[6315,8810,10485,533],"yst_prominent_words":[1000,1367,313,258,362],"jetpack_featured_media_url":"https:\/\/le12.ma\/fr\/wp-content\/uploads\/2022\/09\/IMG_20220917_021134_670-660x330-1.jpg","_links":{"self":[{"href":"https:\/\/le12.ma\/fr\/wp-json\/wp\/v2\/posts\/28855"}],"collection":[{"href":"https:\/\/le12.ma\/fr\/wp-json\/wp\/v2\/posts"}],"about":[{"href":"https:\/\/le12.ma\/fr\/wp-json\/wp\/v2\/types\/post"}],"author":[{"embeddable":true,"href":"https:\/\/le12.ma\/fr\/wp-json\/wp\/v2\/users\/2"}],"replies":[{"embeddable":true,"href":"https:\/\/le12.ma\/fr\/wp-json\/wp\/v2\/comments?post=28855"}],"version-history":[{"count":1,"href":"https:\/\/le12.ma\/fr\/wp-json\/wp\/v2\/posts\/28855\/revisions"}],"predecessor-version":[{"id":28857,"href":"https:\/\/le12.ma\/fr\/wp-json\/wp\/v2\/posts\/28855\/revisions\/28857"}],"wp:featuredmedia":[{"embeddable":true,"href":"https:\/\/le12.ma\/fr\/wp-json\/wp\/v2\/media\/28856"}],"wp:attachment":[{"href":"https:\/\/le12.ma\/fr\/wp-json\/wp\/v2\/media?parent=28855"}],"wp:term":[{"taxonomy":"category","embeddable":true,"href":"https:\/\/le12.ma\/fr\/wp-json\/wp\/v2\/categories?post=28855"},{"taxonomy":"post_tag","embeddable":true,"href":"https:\/\/le12.ma\/fr\/wp-json\/wp\/v2\/tags?post=28855"},{"taxonomy":"yst_prominent_words","embeddable":true,"href":"https:\/\/le12.ma\/fr\/wp-json\/wp\/v2\/yst_prominent_words?post=28855"}],"curies":[{"name":"wp","href":"https:\/\/api.w.org\/{rel}","templated":true}]}}