{"id":28472,"date":"2022-08-19T11:47:21","date_gmt":"2022-08-19T10:47:21","guid":{"rendered":"https:\/\/le12.ma\/fr\/?p=28472"},"modified":"2022-08-19T11:47:21","modified_gmt":"2022-08-19T10:47:21","slug":"gouvernement-les-prix-des-manuels-scolaires-restent-inchanges","status":"publish","type":"post","link":"https:\/\/le12.ma\/fr\/gouvernement-les-prix-des-manuels-scolaires-restent-inchanges\/","title":{"rendered":"gouvernement: les prix des manuels scolaires restent inchang\u00e9s"},"content":{"rendered":"<h3>Les prix des manuels scolaires demeurent inchang\u00e9s pour la rentr\u00e9e scolaire 2022-2023, a indiqu\u00e9 jeudi <a href=\"https:\/\/www.men.gov.ma\/Fr\/Pages\/Accueil.aspx\">le minist\u00e8re de l\u2019\u00c9ducation nationale<\/a>, du Pr\u00e9scolaire et des <a href=\"https:\/\/le12.ma\/fr\/les-demi-finales-au-complexe-sportif-de-fes-les-19-et-20-juillet\/\">Sports<\/a>.<\/h3>\n<p><strong>Le minist\u00e8re de l\u2019\u00c9ducation nationale, du Pr\u00e9scolaire et des Sports et le minist\u00e8re de l\u2019\u00c9conomie et des Finances ont pris une d\u00e9cision conjointe stipulant la mise en place d\u2019un m\u00e9canisme de soutien aux \u00e9diteurs de manuels scolaires, et ce apr\u00e8s une s\u00e9rie de consultations avec le Comit\u00e9 interminist\u00e9riel des prix, a soulign\u00e9 le minist\u00e8re dans un communiqu\u00e9.<\/strong><br \/>\n<strong>Cette d\u00e9cision a pour objectif d\u2019assurer la disponibilit\u00e9 suffisante des manuels scolaires en temps opportun pour la prochaine rentr\u00e9e scolaire 2023-2022, et d\u2019\u00e9viter toute augmentation de leurs prix, dans la foul\u00e9e des efforts du gouvernement pour pr\u00e9server le pouvoir d\u2019achat des familles marocaines, pr\u00e9cise-t-on.<\/strong><br \/>\n<strong>En vertu de cette d\u00e9cision conjointe, et pour encourager la scolarisation et lutter contre la d\u00e9perdition scolaire, un soutien financier direct sera accord\u00e9 aux \u00e9diteurs de manuels scolaires destin\u00e9s aux cycles d\u2019enseignement primaire et coll\u00e9gial qui sont produits au cours de l\u2019ann\u00e9e 2022, selon une liste de manuels scolaires sp\u00e9cifiques arr\u00eat\u00e9e par le minist\u00e8re.<\/strong><br \/>\n<strong>Le soutien financier, dont le d\u00e9boursement est \u00e0 la charge de la caisse de compensation, a \u00e9t\u00e9 fix\u00e9 \u00e0 25% des prix de vente, et ce apr\u00e8s une \u00e9tude du dossier par le minist\u00e8re de chaque \u00e9diteur en fonction du nombre de manuels imprim\u00e9s et distribu\u00e9s en 2022.<\/strong><br \/>\n<strong>Ces mesures visent \u00e0 assurer la stabilit\u00e9 des prix des manuels scolaires \u00e0 l\u2019occasion de la rentr\u00e9e 2023-2022, affirme la m\u00eame source, notant que ces manuels figurent dans la liste des biens, produits et services dont les prix sont r\u00e9glement\u00e9s conform\u00e9ment aux dispositions de la loi n\u00b0 12-104 relative \u00e0 la libert\u00e9 des prix et de la concurrence.<\/strong><br \/>\n<strong>Et de conclure que toute augmentation ill\u00e9gale constitue une infraction passible de sanctions pr\u00e9vues par la loi, \u00e9tant donn\u00e9 que tout changement de son prix est soumis \u00e0 une proc\u00e9dure sp\u00e9ciale et \u00e0 l\u2019approbation du gouvernement.<\/strong><\/p>\n","protected":false},"excerpt":{"rendered":"<p>Les prix des manuels scolaires demeurent inchang\u00e9s pour la rentr\u00e9e scolaire 2022-2023, a indiqu\u00e9 jeudi le minist\u00e8re de l\u2019\u00c9ducation nationale, du Pr\u00e9scolaire et des Sports. Le minist\u00e8re de l\u2019\u00c9ducation nationale, du Pr\u00e9scolaire et des Sports et le minist\u00e8re de l\u2019\u00c9conomie et des Finances ont pris une d\u00e9cision conjointe stipulant la mise en place d\u2019un m\u00e9canisme [&hellip;]<\/p>\n","protected":false},"author":2,"featured_media":28473,"comment_status":"open","ping_status":"open","sticky":false,"template":"","format":"standard","meta":[],"categories":[31,25,54],"tags":[10413],"yst_prominent_words":[148,3369,3344,3210,828],"jetpack_featured_media_url":"https:\/\/le12.ma\/fr\/wp-content\/uploads\/2022\/08\/livre.jpg","_links":{"self":[{"href":"https:\/\/le12.ma\/fr\/wp-json\/wp\/v2\/posts\/28472"}],"collection":[{"href":"https:\/\/le12.ma\/fr\/wp-json\/wp\/v2\/posts"}],"about":[{"href":"https:\/\/le12.ma\/fr\/wp-json\/wp\/v2\/types\/post"}],"author":[{"embeddable":true,"href":"https:\/\/le12.ma\/fr\/wp-json\/wp\/v2\/users\/2"}],"replies":[{"embeddable":true,"href":"https:\/\/le12.ma\/fr\/wp-json\/wp\/v2\/comments?post=28472"}],"version-history":[{"count":1,"href":"https:\/\/le12.ma\/fr\/wp-json\/wp\/v2\/posts\/28472\/revisions"}],"predecessor-version":[{"id":28474,"href":"https:\/\/le12.ma\/fr\/wp-json\/wp\/v2\/posts\/28472\/revisions\/28474"}],"wp:featuredmedia":[{"embeddable":true,"href":"https:\/\/le12.ma\/fr\/wp-json\/wp\/v2\/media\/28473"}],"wp:attachment":[{"href":"https:\/\/le12.ma\/fr\/wp-json\/wp\/v2\/media?parent=28472"}],"wp:term":[{"taxonomy":"category","embeddable":true,"href":"https:\/\/le12.ma\/fr\/wp-json\/wp\/v2\/categories?post=28472"},{"taxonomy":"post_tag","embeddable":true,"href":"https:\/\/le12.ma\/fr\/wp-json\/wp\/v2\/tags?post=28472"},{"taxonomy":"yst_prominent_words","embeddable":true,"href":"https:\/\/le12.ma\/fr\/wp-json\/wp\/v2\/yst_prominent_words?post=28472"}],"curies":[{"name":"wp","href":"https:\/\/api.w.org\/{rel}","templated":true}]}}