{"id":28395,"date":"2022-08-12T13:07:51","date_gmt":"2022-08-12T12:07:51","guid":{"rendered":"https:\/\/le12.ma\/fr\/?p=28395"},"modified":"2022-08-12T13:07:51","modified_gmt":"2022-08-12T12:07:51","slug":"maroc-cinq-cinemas-beneficieront-dune-aide-globale-de-115-mdh","status":"publish","type":"post","link":"https:\/\/le12.ma\/fr\/maroc-cinq-cinemas-beneficieront-dune-aide-globale-de-115-mdh\/","title":{"rendered":"Maroc : Cinq cin\u00e9mas b\u00e9n\u00e9ficieront d&rsquo;une aide globale de 11,5 MDH"},"content":{"rendered":"<h2><span style=\"color: #000000;\">Une aide globale de 11,5 millions de dirhams (MDH) sera accord\u00e9e \u00e0 cinq cin\u00e9mas par la commission d&rsquo;aide \u00e0 la num\u00e9risation, \u00e0 la modernisation et \u00e0 <a href=\"https:\/\/le12.ma\/fr\/plastique-alj-pour-la-creation-dune-filiere-de-recyclage\/\">la cr\u00e9ation<\/a> des salles de cin\u00e9ma, a annonc\u00e9 jeudi <a href=\"https:\/\/www.ccm.ma\/\">le Centre cin\u00e9matographique marocain<\/a> (CCM) dans un communiqu\u00e9.<\/span><\/h2>\n<p>Cette d\u00e9cision a \u00e9t\u00e9 prise au terme des d\u00e9lib\u00e9rations de la commission d&rsquo;aide \u00e0 la num\u00e9risation, \u00e0 la modernisation et \u00e0 la cr\u00e9ation des salles de cin\u00e9ma, qui a ainsi d\u00e9cid\u00e9 d\u2019attribuer une aide \u00e0 la cr\u00e9ation au nouveau cin\u00e9ma Cinerji (El Jadida &#8211; 3,9 MDH) et au cin\u00e9ma Vox (Beni Mellal &#8211; 3,1 MDH), pr\u00e9cise-t-on de m\u00eame source.<\/p>\n<p>S\u2019agissant de l\u2019aide \u00e0 la modernisation, la Commission a d\u00e9cid\u00e9 d\u2019offrir une aide au cin\u00e9ma Dawliz (Casablanca &#8211; 2,5 MDH), rel\u00e8ve la m\u00eame source, ajoutant, qu\u2019au titre de l\u2019aide \u00e0 la num\u00e9risation, il a \u00e9t\u00e9 d\u00e9cid\u00e9 d\u2019octroyer un soutien financier au cin\u00e9ma Rif Casablanca d&rsquo;un montant de 1 MDH et au cin\u00e9ma espagnol (T\u00e9touan &#8211; 1 MDH).<\/p>\n<p>La commission d&rsquo;aide \u00e0 la num\u00e9risation, \u00e0 la modernisation et \u00e0 la cr\u00e9ation des salles de cin\u00e9ma s&rsquo;est tenue sous la pr\u00e9sidence de Mohamed El Glaoui, en pr\u00e9sence des membres Asmae El Alaoui, Fadoua Maroub, Samira El Himer, Ahmed Boughaba, Ahmed Leghmam et Rachid Mountassir.<\/p>\n","protected":false},"excerpt":{"rendered":"<p>Une aide globale de 11,5 millions de dirhams (MDH) sera accord\u00e9e \u00e0 cinq cin\u00e9mas par la commission d&rsquo;aide \u00e0 la num\u00e9risation, \u00e0 la modernisation et \u00e0 la cr\u00e9ation des salles de cin\u00e9ma, a annonc\u00e9 jeudi le Centre cin\u00e9matographique marocain (CCM) dans un communiqu\u00e9. Cette d\u00e9cision a \u00e9t\u00e9 prise au terme des d\u00e9lib\u00e9rations de la commission [&hellip;]<\/p>\n","protected":false},"author":2,"featured_media":28396,"comment_status":"open","ping_status":"open","sticky":false,"template":"","format":"standard","meta":[],"categories":[9442,31,25,54],"tags":[10393,1371],"yst_prominent_words":[2534,396,403,1006,1358,1357,162],"jetpack_featured_media_url":"https:\/\/le12.ma\/fr\/wp-content\/uploads\/2022\/08\/ccm.jpg","_links":{"self":[{"href":"https:\/\/le12.ma\/fr\/wp-json\/wp\/v2\/posts\/28395"}],"collection":[{"href":"https:\/\/le12.ma\/fr\/wp-json\/wp\/v2\/posts"}],"about":[{"href":"https:\/\/le12.ma\/fr\/wp-json\/wp\/v2\/types\/post"}],"author":[{"embeddable":true,"href":"https:\/\/le12.ma\/fr\/wp-json\/wp\/v2\/users\/2"}],"replies":[{"embeddable":true,"href":"https:\/\/le12.ma\/fr\/wp-json\/wp\/v2\/comments?post=28395"}],"version-history":[{"count":1,"href":"https:\/\/le12.ma\/fr\/wp-json\/wp\/v2\/posts\/28395\/revisions"}],"predecessor-version":[{"id":28397,"href":"https:\/\/le12.ma\/fr\/wp-json\/wp\/v2\/posts\/28395\/revisions\/28397"}],"wp:featuredmedia":[{"embeddable":true,"href":"https:\/\/le12.ma\/fr\/wp-json\/wp\/v2\/media\/28396"}],"wp:attachment":[{"href":"https:\/\/le12.ma\/fr\/wp-json\/wp\/v2\/media?parent=28395"}],"wp:term":[{"taxonomy":"category","embeddable":true,"href":"https:\/\/le12.ma\/fr\/wp-json\/wp\/v2\/categories?post=28395"},{"taxonomy":"post_tag","embeddable":true,"href":"https:\/\/le12.ma\/fr\/wp-json\/wp\/v2\/tags?post=28395"},{"taxonomy":"yst_prominent_words","embeddable":true,"href":"https:\/\/le12.ma\/fr\/wp-json\/wp\/v2\/yst_prominent_words?post=28395"}],"curies":[{"name":"wp","href":"https:\/\/api.w.org\/{rel}","templated":true}]}}