{"id":2814,"date":"2020-09-01T09:11:03","date_gmt":"2020-09-01T08:11:03","guid":{"rendered":"https:\/\/le12.ma\/fr\/?p=2814"},"modified":"2020-09-01T09:11:03","modified_gmt":"2020-09-01T08:11:03","slug":"le-festival-national-de-laita-de-safi-une-edition-virtuelle-du-16-au-20-septembre-prochain","status":"publish","type":"post","link":"https:\/\/le12.ma\/fr\/le-festival-national-de-laita-de-safi-une-edition-virtuelle-du-16-au-20-septembre-prochain\/","title":{"rendered":"Le Festival national de l\u2019Aita de Safi : Une \u00e9dition virtuelle du 16 au 20 septembre prochain"},"content":{"rendered":"<p><span style=\"color: #ff0000;\"><strong>Safi \u2013 le12<\/strong><\/span><\/p>\n<p><strong>La Direction provinciale du minist\u00e8re de la culture \u00e0 Safi et Youssoufia a annonc\u00e9 l\u2019organisation du 16 au 20 septembre prochain, de la 19\u00e8 \u00e9dition du Festival national de l\u2019art de l\u2019Aita dans une forme virtuelle et ce, sous le th\u00e8me \u201cPour une nouvelle dynamique\u201d.<\/strong><\/p>\n","protected":false},"excerpt":{"rendered":"<p>Safi \u2013 le12 La Direction provinciale du minist\u00e8re de la culture \u00e0 Safi et Youssoufia a annonc\u00e9 l\u2019organisation du 16 au 20 septembre prochain, de la 19\u00e8 \u00e9dition du Festival national de l\u2019art de l\u2019Aita dans une forme virtuelle et ce, sous le th\u00e8me \u201cPour une nouvelle dynamique\u201d.<\/p>\n","protected":false},"author":4,"featured_media":2815,"comment_status":"open","ping_status":"open","sticky":false,"template":"","format":"standard","meta":[],"categories":[26,31],"tags":[],"yst_prominent_words":[3931],"jetpack_featured_media_url":"https:\/\/le12.ma\/fr\/wp-content\/uploads\/2020\/09\/DSC_0016-scaled.jpg","_links":{"self":[{"href":"https:\/\/le12.ma\/fr\/wp-json\/wp\/v2\/posts\/2814"}],"collection":[{"href":"https:\/\/le12.ma\/fr\/wp-json\/wp\/v2\/posts"}],"about":[{"href":"https:\/\/le12.ma\/fr\/wp-json\/wp\/v2\/types\/post"}],"author":[{"embeddable":true,"href":"https:\/\/le12.ma\/fr\/wp-json\/wp\/v2\/users\/4"}],"replies":[{"embeddable":true,"href":"https:\/\/le12.ma\/fr\/wp-json\/wp\/v2\/comments?post=2814"}],"version-history":[{"count":1,"href":"https:\/\/le12.ma\/fr\/wp-json\/wp\/v2\/posts\/2814\/revisions"}],"predecessor-version":[{"id":2816,"href":"https:\/\/le12.ma\/fr\/wp-json\/wp\/v2\/posts\/2814\/revisions\/2816"}],"wp:featuredmedia":[{"embeddable":true,"href":"https:\/\/le12.ma\/fr\/wp-json\/wp\/v2\/media\/2815"}],"wp:attachment":[{"href":"https:\/\/le12.ma\/fr\/wp-json\/wp\/v2\/media?parent=2814"}],"wp:term":[{"taxonomy":"category","embeddable":true,"href":"https:\/\/le12.ma\/fr\/wp-json\/wp\/v2\/categories?post=2814"},{"taxonomy":"post_tag","embeddable":true,"href":"https:\/\/le12.ma\/fr\/wp-json\/wp\/v2\/tags?post=2814"},{"taxonomy":"yst_prominent_words","embeddable":true,"href":"https:\/\/le12.ma\/fr\/wp-json\/wp\/v2\/yst_prominent_words?post=2814"}],"curies":[{"name":"wp","href":"https:\/\/api.w.org\/{rel}","templated":true}]}}