{"id":27925,"date":"2022-07-14T16:04:01","date_gmt":"2022-07-14T15:04:01","guid":{"rendered":"https:\/\/le12.ma\/fr\/?p=27925"},"modified":"2022-07-14T16:04:01","modified_gmt":"2022-07-14T15:04:01","slug":"assemblee-generale-constitutive-de-la-9e-section-regionale-du-fmej","status":"publish","type":"post","link":"https:\/\/le12.ma\/fr\/assemblee-generale-constitutive-de-la-9e-section-regionale-du-fmej\/","title":{"rendered":"Assembl\u00e9e g\u00e9n\u00e9rale constitutive de la 9\u00e8 section r\u00e9gionale du FMEJ"},"content":{"rendered":"<h4><span style=\"color: #000000;\"><strong>La<a href=\"https:\/\/le12.ma\/fr\/la-fmej-deplore-le-deces-de-abdellah-stouky\/\"> F\u00e9d\u00e9ration marocaine des \u00e9diteurs de journaux<\/a> (FMEJ) tiendra, vendredi et samedi, une assembl\u00e9e g\u00e9n\u00e9rale constitutive de sa section r\u00e9gionale de <a href=\"https:\/\/le12.ma\/fr\/beni-mellal-enquete-judiciaire-suite-a-lusage-par-un-policier-de-larme-de-service-en-dehors-des-horaires-de-travail\/\">Beni Mellal-Kh\u00e9nifra<\/a>.<\/strong><\/span><\/h4>\n<p><strong>La FMEJ \u201cparach\u00e8ve son chantier de restructuration par la tenue de l\u2019assembl\u00e9e g\u00e9n\u00e9rale constitutive de la section de la r\u00e9gion de Beni Mellal-Kh\u00e9nifra, les 15 et 16 juillet\u201d, fait savoir la F\u00e9d\u00e9ration dans un communiqu\u00e9, ajoutant qu\u2019il s\u2019agit de la \u201cneuvi\u00e8me section r\u00e9gionale, apr\u00e8s celles de Dakhla-Oued Eddahab, La\u00e2youne-Sakia El Hamra, Guelmim-Oued Noun, Souss-Massa, Marrakech-Safi, F\u00e8s-Mekn\u00e8s, l\u2019Oriental et Tanger-T\u00e9touan-Al Hoceima\u201d.<\/strong><\/p>\n<p><strong>Cette assembl\u00e9e g\u00e9n\u00e9rale constitutive \u201cse tient au moment o\u00f9 les organisations r\u00e9gionales de la FMEJ connaissent une dynamique de d\u00e9veloppement remarquable, avec la conclusion de partenariats dans trois r\u00e9gions en plus de projets de partenariats dans d\u2019autres, qui b\u00e9n\u00e9ficient de l\u2019appui d\u2019acteurs r\u00e9gionaux, territoriaux, publics ou encore priv\u00e9s\u201d, souligne le communiqu\u00e9.<\/strong><\/p>\n<p><strong>Ces projets viennent consacrer la contribution des m\u00e9dias r\u00e9gionaux au d\u00e9veloppement, dans un cadre de responsabilit\u00e9 et d\u2019ind\u00e9pendance, de m\u00eame qu\u2019ils visent la consolidation des capacit\u00e9s, la mise \u00e0 niveau des \u00e9tablissements m\u00e9diatiques et la qualification des ressources humaines, indique la m\u00eame source.<\/strong><\/p>\n<p><strong>En marge de cette assembl\u00e9e g\u00e9n\u00e9rale constitutive, la FMEJ organisera, comme \u00e0 l\u2019accoutum\u00e9e, un colloque national cette fois plac\u00e9 sous le signe \u201cPresse et culture: les liaisons inspirantes\u201d avec la participation de Talaa Saoud Al Atlassi, Abdelkrim Jouiti, Abdellatif Benyahia et Abdelilah Tahani comme mod\u00e9rateur, pr\u00e9cise le communiqu\u00e9, ajoutant qu\u2019une quarantaine d\u2019\u00e9diteurs ainsi que des pr\u00e9sidents de sections, des responsables et des intellectuels sont attendus \u00e0 cet \u00e9v\u00e9nement.<\/strong><\/p>\n<p><strong>Le colloque sera couronn\u00e9 par un hommage posthume \u00e0 feu Mohamed El Hajjam, figure marquante de la presse r\u00e9gionale, en reconnaissance de son apport \u00e0 la sc\u00e8ne m\u00e9diatique r\u00e9gionale et nationale.<\/strong><\/p>\n","protected":false},"excerpt":{"rendered":"<p>La F\u00e9d\u00e9ration marocaine des \u00e9diteurs de journaux (FMEJ) tiendra, vendredi et samedi, une assembl\u00e9e g\u00e9n\u00e9rale constitutive de sa section r\u00e9gionale de Beni Mellal-Kh\u00e9nifra. La FMEJ \u201cparach\u00e8ve son chantier de restructuration par la tenue de l\u2019assembl\u00e9e g\u00e9n\u00e9rale constitutive de la section de la r\u00e9gion de Beni Mellal-Kh\u00e9nifra, les 15 et 16 juillet\u201d, fait savoir la F\u00e9d\u00e9ration [&hellip;]<\/p>\n","protected":false},"author":2,"featured_media":27926,"comment_status":"open","ping_status":"open","sticky":false,"template":"","format":"standard","meta":[],"categories":[31],"tags":[975,10322,10288],"yst_prominent_words":[3401,4704,145,694,1006,2671,2317,3574,5043],"jetpack_featured_media_url":"https:\/\/le12.ma\/fr\/wp-content\/uploads\/2022\/07\/FMEJ1-504x300-504x300-1-504x300-1-1.jpg","_links":{"self":[{"href":"https:\/\/le12.ma\/fr\/wp-json\/wp\/v2\/posts\/27925"}],"collection":[{"href":"https:\/\/le12.ma\/fr\/wp-json\/wp\/v2\/posts"}],"about":[{"href":"https:\/\/le12.ma\/fr\/wp-json\/wp\/v2\/types\/post"}],"author":[{"embeddable":true,"href":"https:\/\/le12.ma\/fr\/wp-json\/wp\/v2\/users\/2"}],"replies":[{"embeddable":true,"href":"https:\/\/le12.ma\/fr\/wp-json\/wp\/v2\/comments?post=27925"}],"version-history":[{"count":1,"href":"https:\/\/le12.ma\/fr\/wp-json\/wp\/v2\/posts\/27925\/revisions"}],"predecessor-version":[{"id":27927,"href":"https:\/\/le12.ma\/fr\/wp-json\/wp\/v2\/posts\/27925\/revisions\/27927"}],"wp:featuredmedia":[{"embeddable":true,"href":"https:\/\/le12.ma\/fr\/wp-json\/wp\/v2\/media\/27926"}],"wp:attachment":[{"href":"https:\/\/le12.ma\/fr\/wp-json\/wp\/v2\/media?parent=27925"}],"wp:term":[{"taxonomy":"category","embeddable":true,"href":"https:\/\/le12.ma\/fr\/wp-json\/wp\/v2\/categories?post=27925"},{"taxonomy":"post_tag","embeddable":true,"href":"https:\/\/le12.ma\/fr\/wp-json\/wp\/v2\/tags?post=27925"},{"taxonomy":"yst_prominent_words","embeddable":true,"href":"https:\/\/le12.ma\/fr\/wp-json\/wp\/v2\/yst_prominent_words?post=27925"}],"curies":[{"name":"wp","href":"https:\/\/api.w.org\/{rel}","templated":true}]}}