{"id":27830,"date":"2022-07-13T11:22:07","date_gmt":"2022-07-13T10:22:07","guid":{"rendered":"https:\/\/le12.ma\/fr\/?p=27830"},"modified":"2022-07-13T11:22:07","modified_gmt":"2022-07-13T10:22:07","slug":"la-fmej-deplore-le-deces-de-abdellah-stouky","status":"publish","type":"post","link":"https:\/\/le12.ma\/fr\/la-fmej-deplore-le-deces-de-abdellah-stouky\/","title":{"rendered":"La FMEJ d\u00e9plore le d\u00e9c\u00e8s de Abdellah Stouky"},"content":{"rendered":"<h4><span style=\"color: #000000;\"><strong><a href=\"https:\/\/www.telecontact.ma\/annonceur\/fmej\/3235434\/casablanca.php\">La F\u00e9d\u00e9ration marocaine des \u00e9diteurs de journaux<\/a> a d\u00e9plor\u00e9 le d\u00e9c\u00e8s de Abdellah<a href=\"https:\/\/le12.ma\/fr\/stouky-nest-plus-une-grande-perte-pour-le-corps-journalistique-national\/\"> Stouky,<\/a> \u201cl\u2019un des pionniers du monde journalistique, des suites d\u2019une longue maladie qu\u2019il a combattue avec le m\u00eame courage qui avait marqu\u00e9 sa vie professionnelle et personnelle intense\u201d.<\/strong><\/span><\/h4>\n<p><strong>\u201cLe regrett\u00e9 est l\u2019une des belles plumes du Maroc ind\u00e9pendant et l\u2019un des \u00e9diteurs qui ont contribu\u00e9 \u00e0 l\u2019essor de la pratique journalistique de plusieurs titres marocains, o\u00f9 il a contribu\u00e9 \u00e0 la formation d\u2019une g\u00e9n\u00e9ration de journalistes qui ont marqu\u00e9 de leur empreinte le paysage m\u00e9diatique durant les quatre derni\u00e8res d\u00e9cennies\u201d, a soulign\u00e9 la FMEJ dans un communiqu\u00e9.<\/strong><\/p>\n<p><strong>En cette douloureuse circonstance, les membres de la FMEJ, ajoute la m\u00eame source, \u201cexpriment leurs sinc\u00e8res condol\u00e9ances et compassions \u00e0 la petite famille du d\u00e9funt et \u00e0 sa grande famille dans les m\u00e9dias nationaux\u201d.<\/strong><\/p>\n","protected":false},"excerpt":{"rendered":"<p>La F\u00e9d\u00e9ration marocaine des \u00e9diteurs de journaux a d\u00e9plor\u00e9 le d\u00e9c\u00e8s de Abdellah Stouky, \u201cl\u2019un des pionniers du monde journalistique, des suites d\u2019une longue maladie qu\u2019il a combattue avec le m\u00eame courage qui avait marqu\u00e9 sa vie professionnelle et personnelle intense\u201d. \u201cLe regrett\u00e9 est l\u2019une des belles plumes du Maroc ind\u00e9pendant et l\u2019un des \u00e9diteurs [&hellip;]<\/p>\n","protected":false},"author":2,"featured_media":27831,"comment_status":"open","ping_status":"open","sticky":false,"template":"","format":"standard","meta":[],"categories":[24],"tags":[10289,495,10288],"yst_prominent_words":[3185],"jetpack_featured_media_url":"https:\/\/le12.ma\/fr\/wp-content\/uploads\/2022\/07\/FMEJ1-504x300-504x300-1-504x300-1.jpg","_links":{"self":[{"href":"https:\/\/le12.ma\/fr\/wp-json\/wp\/v2\/posts\/27830"}],"collection":[{"href":"https:\/\/le12.ma\/fr\/wp-json\/wp\/v2\/posts"}],"about":[{"href":"https:\/\/le12.ma\/fr\/wp-json\/wp\/v2\/types\/post"}],"author":[{"embeddable":true,"href":"https:\/\/le12.ma\/fr\/wp-json\/wp\/v2\/users\/2"}],"replies":[{"embeddable":true,"href":"https:\/\/le12.ma\/fr\/wp-json\/wp\/v2\/comments?post=27830"}],"version-history":[{"count":1,"href":"https:\/\/le12.ma\/fr\/wp-json\/wp\/v2\/posts\/27830\/revisions"}],"predecessor-version":[{"id":27832,"href":"https:\/\/le12.ma\/fr\/wp-json\/wp\/v2\/posts\/27830\/revisions\/27832"}],"wp:featuredmedia":[{"embeddable":true,"href":"https:\/\/le12.ma\/fr\/wp-json\/wp\/v2\/media\/27831"}],"wp:attachment":[{"href":"https:\/\/le12.ma\/fr\/wp-json\/wp\/v2\/media?parent=27830"}],"wp:term":[{"taxonomy":"category","embeddable":true,"href":"https:\/\/le12.ma\/fr\/wp-json\/wp\/v2\/categories?post=27830"},{"taxonomy":"post_tag","embeddable":true,"href":"https:\/\/le12.ma\/fr\/wp-json\/wp\/v2\/tags?post=27830"},{"taxonomy":"yst_prominent_words","embeddable":true,"href":"https:\/\/le12.ma\/fr\/wp-json\/wp\/v2\/yst_prominent_words?post=27830"}],"curies":[{"name":"wp","href":"https:\/\/api.w.org\/{rel}","templated":true}]}}